{"id":206020,"date":"2026-01-27T10:54:54","date_gmt":"2026-01-27T09:54:54","guid":{"rendered":"https:\/\/rna.ao\/rna.ao\/?p=206020"},"modified":"2026-01-27T10:55:52","modified_gmt":"2026-01-27T09:55:52","slug":"nato-afirma-que-defesa-da-uniao-europeia-depende-dos-estados-unidos-mas-franca-contesta-narrativa","status":"publish","type":"post","link":"https:\/\/rna.ao\/rna.ao\/2026\/01\/27\/nato-afirma-que-defesa-da-uniao-europeia-depende-dos-estados-unidos-mas-franca-contesta-narrativa\/","title":{"rendered":"NATO afirma que defesa da Uni\u00e3o Europeia depende dos Estados Unidos, mas Fran\u00e7a contesta narrativa"},"content":{"rendered":"<p><img loading=\"lazy\" class=\"alignnone size-full wp-image-206021\" src=\"https:\/\/rna.ao\/rna.ao\/wp-content\/uploads\/2026\/01\/IMG_5050.jpeg\" alt=\"\" width=\"554\" height=\"554\" srcset=\"https:\/\/rna.ao\/rna.ao\/wp-content\/uploads\/2026\/01\/IMG_5050.jpeg 554w, https:\/\/rna.ao\/rna.ao\/wp-content\/uploads\/2026\/01\/IMG_5050-150x150.jpeg 150w, https:\/\/rna.ao\/rna.ao\/wp-content\/uploads\/2026\/01\/IMG_5050-100x100.jpeg 100w, https:\/\/rna.ao\/rna.ao\/wp-content\/uploads\/2026\/01\/IMG_5050-370x370.jpeg 370w\" sizes=\"(max-width: 554px) 100vw, 554px\" \/>O secret\u00e1rio-geral da NATO afirmou que a Europa n\u00e3o conseguiria garantir a sua pr\u00f3pria defesa sem o apoio dos Estados Unidos da Am\u00e9rica.<\/p>\n<p>Segundo o dirigente, o desenvolvimento de uma Defesa verdadeiramente aut\u00f3noma no continente europeu exigiria um investimento m\u00ednimo de 10% do Produto Interno Bruto &#8211; PIB de cada Estado-membro, um esfor\u00e7o financeiro considerado elevado para a maioria dos pa\u00edses da Uni\u00e3o Europeia. Jornalista Sany Fuche. Clique no \u00e1udio e ou\u00e7a:<\/p>\n\t<div class=\"qtmplayer-playlist-large\">\n\t\t<ul class=\"qtmplayer-playlist\">\n\t\t\t\n\t\t\t\t\t<li class=\"qtmplayer-trackitem\">\n\t\t<img src=\"https:\/\/rna.ao\/rna.ao\/wp-content\/uploads\/2026\/01\/IMG_5050-100x100.jpeg\" alt=\"cover\">\t\t<span \t\t\tdata-qtmplayer-cover=\"https:\/\/rna.ao\/rna.ao\/wp-content\/uploads\/2026\/01\/IMG_5050-370x370.jpeg\"\n\t\t\t\t\t\tdata-qtmplayer-file=\"https:\/\/rna.ao\/rna.ao\/wp-content\/uploads\/2026\/01\/SANY-FUCHE-07HRS-2.mp3\"\n\t\t\t\t\t\tdata-qtmplayer-title=\"NATO afirma que defesa da Uni\u00e3o Europeia depende dos Estados Unidos, mas Fran\u00e7a contesta narrativa\"\n\t\t\t\t\t\tdata-qtmplayer-artist=\"Juliana Nunes\"\n\t\t\t\t\t\tdata-qtmplayer-link=\"https:\/\/rna.ao\/rna.ao\/2026\/01\/27\/nato-afirma-que-defesa-da-uniao-europeia-depende-dos-estados-unidos-mas-franca-contesta-narrativa\/\"\n\t\t\t\t\t\tdata-qtmplayer-icon=\"file_download\"\n\t\t\t\t\t\tdata-qtmplayer-type=\"track\"\n\t\t\t class=\"qtmplayer-play qtmplayer-link-sec qtmplayer-play-btn\"><i class='material-icons'>play_arrow<\/i><\/span>\n\t\t<p>\n\t\t\t<span class=\"qtmplayer-tit\">NATO afirma que defesa da Uni\u00e3o Europeia depende dos Estados Unidos, mas Fran\u00e7a contesta narrativa<\/span>\n\t\t\t<span class=\"qtmplayer-art\">Juliana Nunes<\/span>\n\t\t<\/p>\n\t<\/li>\n\t\t<\/ul>\n\t<\/div>\t\t\t\n\t\n","protected":false},"excerpt":{"rendered":"<p>O secret\u00e1rio-geral da NATO afirmou que a Europa n\u00e3o conseguiria garantir a sua pr\u00f3pria defesa sem o apoio dos Estados Unidos da Am\u00e9rica. Segundo o dirigente, o desenvolvimento de uma Defesa verdadeiramente aut\u00f3noma no continente europeu exigiria um investimento m\u00ednimo de 10% do Produto Interno Bruto &#8211; PIB de cada ...<\/p>\n","protected":false},"author":16,"featured_media":206021,"comment_status":"closed","ping_status":"closed","sticky":false,"template":"","format":"standard","meta":[],"categories":[143,137,163],"tags":[],"_links":{"self":[{"href":"https:\/\/rna.ao\/rna.ao\/wp-json\/wp\/v2\/posts\/206020"}],"collection":[{"href":"https:\/\/rna.ao\/rna.ao\/wp-json\/wp\/v2\/posts"}],"about":[{"href":"https:\/\/rna.ao\/rna.ao\/wp-json\/wp\/v2\/types\/post"}],"author":[{"embeddable":true,"href":"https:\/\/rna.ao\/rna.ao\/wp-json\/wp\/v2\/users\/16"}],"replies":[{"embeddable":true,"href":"https:\/\/rna.ao\/rna.ao\/wp-json\/wp\/v2\/comments?post=206020"}],"version-history":[{"count":2,"href":"https:\/\/rna.ao\/rna.ao\/wp-json\/wp\/v2\/posts\/206020\/revisions"}],"predecessor-version":[{"id":206024,"href":"https:\/\/rna.ao\/rna.ao\/wp-json\/wp\/v2\/posts\/206020\/revisions\/206024"}],"wp:featuredmedia":[{"embeddable":true,"href":"https:\/\/rna.ao\/rna.ao\/wp-json\/wp\/v2\/media\/206021"}],"wp:attachment":[{"href":"https:\/\/rna.ao\/rna.ao\/wp-json\/wp\/v2\/media?parent=206020"}],"wp:term":[{"taxonomy":"category","embeddable":true,"href":"https:\/\/rna.ao\/rna.ao\/wp-json\/wp\/v2\/categories?post=206020"},{"taxonomy":"post_tag","embeddable":true,"href":"https:\/\/rna.ao\/rna.ao\/wp-json\/wp\/v2\/tags?post=206020"}],"curies":[{"name":"wp","href":"https:\/\/api.w.org\/{rel}","templated":true}]}}