{"id":206007,"date":"2026-01-27T10:40:31","date_gmt":"2026-01-27T09:40:31","guid":{"rendered":"https:\/\/rna.ao\/rna.ao\/?p=206007"},"modified":"2026-01-27T10:41:30","modified_gmt":"2026-01-27T09:41:30","slug":"executivo-esta-a-construir-no-icolo-e-bengo-tres-mil-casas-sociais-e-reabilitar-varios-trocos-rodoviarios","status":"publish","type":"post","link":"https:\/\/rna.ao\/rna.ao\/2026\/01\/27\/executivo-esta-a-construir-no-icolo-e-bengo-tres-mil-casas-sociais-e-reabilitar-varios-trocos-rodoviarios\/","title":{"rendered":"Executivo est\u00e1 a construir, no Icolo e Bengo, tr\u00eas mil casas sociais e reabilitar v\u00e1rios tro\u00e7os rodovi\u00e1rios"},"content":{"rendered":"<p><img loading=\"lazy\" class=\"alignnone size-medium wp-image-206012\" src=\"https:\/\/rna.ao\/rna.ao\/wp-content\/uploads\/2026\/01\/IMG_5046-770x646.jpeg\" alt=\"\" width=\"770\" height=\"646\" srcset=\"https:\/\/rna.ao\/rna.ao\/wp-content\/uploads\/2026\/01\/IMG_5046-770x646.jpeg 770w, https:\/\/rna.ao\/rna.ao\/wp-content\/uploads\/2026\/01\/IMG_5046-768x644.jpeg 768w, https:\/\/rna.ao\/rna.ao\/wp-content\/uploads\/2026\/01\/IMG_5046.jpeg 1018w\" sizes=\"(max-width: 770px) 100vw, 770px\" \/>O Ministro das Obras P\u00fablicas, Urbanismo e Habita\u00e7\u00e3o, Carlos dos Santos, anunciou que o Executivo est\u00e1 a construir, no Icolo e Bengo, tr\u00eas mil casas sociais e as suas respectivas infraestruturas.<\/p>\n<p>A informa\u00e7\u00e3o foi prestada pelo governante aquando da visita de constata\u00e7\u00e3o do Presidente da Rep\u00fablica \u00e0s obras nas estradas nacionais 110 e 230, na prov\u00edncia do Icolo e Bengo.<\/p>\n<p>Na ocasi\u00e3o, Carlos dos Santos apresentou os tro\u00e7os rodovi\u00e1rios que est\u00e3o em reabilita\u00e7\u00e3o. Clique no \u00e1udio e ou\u00e7a:<\/p>\n\t<div class=\"qtmplayer-playlist-large\">\n\t\t<ul class=\"qtmplayer-playlist\">\n\t\t\t\n\t\t\t\t\t<li class=\"qtmplayer-trackitem\">\n\t\t<img src=\"https:\/\/rna.ao\/rna.ao\/wp-content\/uploads\/2026\/01\/IMG_5048-100x100.jpeg\" alt=\"cover\">\t\t<span \t\t\tdata-qtmplayer-cover=\"https:\/\/rna.ao\/rna.ao\/wp-content\/uploads\/2026\/01\/IMG_5048-370x370.jpeg\"\n\t\t\t\t\t\tdata-qtmplayer-file=\"https:\/\/rna.ao\/rna.ao\/wp-content\/uploads\/2026\/01\/CARLOS-DOS-SANTOS-07-HRS.mp3\"\n\t\t\t\t\t\tdata-qtmplayer-title=\"Executivo est\u00e1 a construir, no Icolo e Bengo, tr\u00eas mil casas sociais e reabilitar v\u00e1rios tro\u00e7os rodovi\u00e1rios\"\n\t\t\t\t\t\tdata-qtmplayer-artist=\"Juliana Nunes\"\n\t\t\t\t\t\tdata-qtmplayer-link=\"https:\/\/rna.ao\/rna.ao\/2026\/01\/27\/executivo-esta-a-construir-no-icolo-e-bengo-tres-mil-casas-sociais-e-reabilitar-varios-trocos-rodoviarios\/\"\n\t\t\t\t\t\tdata-qtmplayer-icon=\"file_download\"\n\t\t\t\t\t\tdata-qtmplayer-type=\"track\"\n\t\t\t class=\"qtmplayer-play qtmplayer-link-sec qtmplayer-play-btn\"><i class='material-icons'>play_arrow<\/i><\/span>\n\t\t<p>\n\t\t\t<span class=\"qtmplayer-tit\">Executivo est\u00e1 a construir, no Icolo e Bengo, tr\u00eas mil casas sociais e reabilitar v\u00e1rios tro\u00e7os rodovi\u00e1rios<\/span>\n\t\t\t<span class=\"qtmplayer-art\">Juliana Nunes<\/span>\n\t\t<\/p>\n\t<\/li>\n\t\t<\/ul>\n\t<\/div>\t\t\t\n\t\n<p><img loading=\"lazy\" class=\"alignnone size-medium wp-image-206013\" src=\"https:\/\/rna.ao\/rna.ao\/wp-content\/uploads\/2026\/01\/IMG_5044-770x578.jpeg\" alt=\"\" width=\"770\" height=\"578\" srcset=\"https:\/\/rna.ao\/rna.ao\/wp-content\/uploads\/2026\/01\/IMG_5044-770x578.jpeg 770w, https:\/\/rna.ao\/rna.ao\/wp-content\/uploads\/2026\/01\/IMG_5044-768x576.jpeg 768w, https:\/\/rna.ao\/rna.ao\/wp-content\/uploads\/2026\/01\/IMG_5044.jpeg 960w\" sizes=\"(max-width: 770px) 100vw, 770px\" \/>Apontada como vector do crescimento econ\u00f3mico e da inclus\u00e3o social, a reabilita\u00e7\u00e3o das estradas nacionais 110 e 230 \u00e9 de todo aplaudida pelos camionistas, que falam na vantagem da circula\u00e7\u00e3o de pessoas e mercadorias.<\/p>\n<p>As obras, que foram escrutinadas pelo olhar atento do Presidente da Rep\u00fablica, que in loco constatou o seu grau de execu\u00e7\u00e3o, receberam tamb\u00e9m o aplauso das comunidades locais. Jornalista Agapito do Carmo. Clique no \u00e1udio e ou\u00e7a:<\/p>\n\t<div class=\"qtmplayer-playlist-large\">\n\t\t<ul class=\"qtmplayer-playlist\">\n\t\t\t\n\t\t\t\t\t<li class=\"qtmplayer-trackitem\">\n\t\t<img src=\"https:\/\/rna.ao\/rna.ao\/wp-content\/uploads\/2026\/01\/IMG_5048-100x100.jpeg\" alt=\"cover\">\t\t<span \t\t\tdata-qtmplayer-cover=\"https:\/\/rna.ao\/rna.ao\/wp-content\/uploads\/2026\/01\/IMG_5048-370x370.jpeg\"\n\t\t\t\t\t\tdata-qtmplayer-file=\"https:\/\/rna.ao\/rna.ao\/wp-content\/uploads\/2026\/01\/AGAPITO-DO-CARMO-07-HRS-2.mp3\"\n\t\t\t\t\t\tdata-qtmplayer-title=\"Executivo est\u00e1 a construir, no Icolo e Bengo, tr\u00eas mil casas sociais e reabilitar v\u00e1rios tro\u00e7os rodovi\u00e1rios\"\n\t\t\t\t\t\tdata-qtmplayer-artist=\"Juliana Nunes\"\n\t\t\t\t\t\tdata-qtmplayer-link=\"https:\/\/rna.ao\/rna.ao\/2026\/01\/27\/executivo-esta-a-construir-no-icolo-e-bengo-tres-mil-casas-sociais-e-reabilitar-varios-trocos-rodoviarios\/\"\n\t\t\t\t\t\tdata-qtmplayer-icon=\"file_download\"\n\t\t\t\t\t\tdata-qtmplayer-type=\"track\"\n\t\t\t class=\"qtmplayer-play qtmplayer-link-sec qtmplayer-play-btn\"><i class='material-icons'>play_arrow<\/i><\/span>\n\t\t<p>\n\t\t\t<span class=\"qtmplayer-tit\">Executivo est\u00e1 a construir, no Icolo e Bengo, tr\u00eas mil casas sociais e reabilitar v\u00e1rios tro\u00e7os rodovi\u00e1rios<\/span>\n\t\t\t<span class=\"qtmplayer-art\">Juliana Nunes<\/span>\n\t\t<\/p>\n\t<\/li>\n\t\t<\/ul>\n\t<\/div>\t\t\t\n\t\n","protected":false},"excerpt":{"rendered":"<p>O Ministro das Obras P\u00fablicas, Urbanismo e Habita\u00e7\u00e3o, Carlos dos Santos, anunciou que o Executivo est\u00e1 a construir, no Icolo e Bengo, tr\u00eas mil casas sociais e as suas respectivas infraestruturas. A informa\u00e7\u00e3o foi prestada pelo governante aquando da visita de constata\u00e7\u00e3o do Presidente da Rep\u00fablica \u00e0s obras nas estradas ...<\/p>\n","protected":false},"author":16,"featured_media":206014,"comment_status":"closed","ping_status":"closed","sticky":false,"template":"","format":"standard","meta":[],"categories":[142,121,164,1],"tags":[],"_links":{"self":[{"href":"https:\/\/rna.ao\/rna.ao\/wp-json\/wp\/v2\/posts\/206007"}],"collection":[{"href":"https:\/\/rna.ao\/rna.ao\/wp-json\/wp\/v2\/posts"}],"about":[{"href":"https:\/\/rna.ao\/rna.ao\/wp-json\/wp\/v2\/types\/post"}],"author":[{"embeddable":true,"href":"https:\/\/rna.ao\/rna.ao\/wp-json\/wp\/v2\/users\/16"}],"replies":[{"embeddable":true,"href":"https:\/\/rna.ao\/rna.ao\/wp-json\/wp\/v2\/comments?post=206007"}],"version-history":[{"count":2,"href":"https:\/\/rna.ao\/rna.ao\/wp-json\/wp\/v2\/posts\/206007\/revisions"}],"predecessor-version":[{"id":206018,"href":"https:\/\/rna.ao\/rna.ao\/wp-json\/wp\/v2\/posts\/206007\/revisions\/206018"}],"wp:featuredmedia":[{"embeddable":true,"href":"https:\/\/rna.ao\/rna.ao\/wp-json\/wp\/v2\/media\/206014"}],"wp:attachment":[{"href":"https:\/\/rna.ao\/rna.ao\/wp-json\/wp\/v2\/media?parent=206007"}],"wp:term":[{"taxonomy":"category","embeddable":true,"href":"https:\/\/rna.ao\/rna.ao\/wp-json\/wp\/v2\/categories?post=206007"},{"taxonomy":"post_tag","embeddable":true,"href":"https:\/\/rna.ao\/rna.ao\/wp-json\/wp\/v2\/tags?post=206007"}],"curies":[{"name":"wp","href":"https:\/\/api.w.org\/{rel}","templated":true}]}}