{"id":205999,"date":"2026-01-27T10:15:53","date_gmt":"2026-01-27T09:15:53","guid":{"rendered":"https:\/\/rna.ao\/rna.ao\/?p=205999"},"modified":"2026-01-27T10:17:44","modified_gmt":"2026-01-27T09:17:44","slug":"semana-nacional-do-ambiente-reflecte-sobre-o-impacto-dos-produtos-quimicos","status":"publish","type":"post","link":"https:\/\/rna.ao\/rna.ao\/2026\/01\/27\/semana-nacional-do-ambiente-reflecte-sobre-o-impacto-dos-produtos-quimicos\/","title":{"rendered":"Semana Nacional do Ambiente reflecte sobre o impacto dos produtos qu\u00edmicos"},"content":{"rendered":"<p><img loading=\"lazy\" class=\"alignnone size-medium wp-image-206000\" src=\"https:\/\/rna.ao\/rna.ao\/wp-content\/uploads\/2026\/01\/IMG_5042-578x770.jpeg\" alt=\"\" width=\"578\" height=\"770\" srcset=\"https:\/\/rna.ao\/rna.ao\/wp-content\/uploads\/2026\/01\/IMG_5042-578x770.jpeg 578w, https:\/\/rna.ao\/rna.ao\/wp-content\/uploads\/2026\/01\/IMG_5042-878x1170.jpeg 878w, https:\/\/rna.ao\/rna.ao\/wp-content\/uploads\/2026\/01\/IMG_5042-768x1024.jpeg 768w, https:\/\/rna.ao\/rna.ao\/wp-content\/uploads\/2026\/01\/IMG_5042-1152x1536.jpeg 1152w, https:\/\/rna.ao\/rna.ao\/wp-content\/uploads\/2026\/01\/IMG_5042.jpeg 1200w\" sizes=\"(max-width: 578px) 100vw, 578px\" \/>Est\u00e1 aberta, desde esta segunda-feira, a Semana Nacional do Ambiente, que decorre at\u00e9 ao dia 31 do corrente m\u00eas.<\/p>\n<p>Neste ano em que Angola assinala 50 anos da institucionaliza\u00e7\u00e3o da Semana Nacional do Ambiente, as reflex\u00f5es centram-se no impacto dos produtos qu\u00edmicos na sociedade e no meio ambiente.<\/p>\n<p>De acordo com a Directora Nacional do Ambiente, Hassana Lima, a iniciativa visa sensibilizar os cidad\u00e3os para os riscos associados ao uso inadequado de produtos qu\u00edmicos, bem como promover pr\u00e1ticas mais seguras e sustent\u00e1veis. Clique no \u00e1udio e ou\u00e7a:<\/p>\n\t<div class=\"qtmplayer-playlist-large\">\n\t\t<ul class=\"qtmplayer-playlist\">\n\t\t\t\n\t\t\t\t\t<li class=\"qtmplayer-trackitem\">\n\t\t<img src=\"https:\/\/rna.ao\/rna.ao\/wp-content\/uploads\/2026\/01\/IMG_5042-100x100.jpeg\" alt=\"cover\">\t\t<span \t\t\tdata-qtmplayer-cover=\"https:\/\/rna.ao\/rna.ao\/wp-content\/uploads\/2026\/01\/IMG_5042-370x370.jpeg\"\n\t\t\t\t\t\tdata-qtmplayer-file=\"https:\/\/rna.ao\/rna.ao\/wp-content\/uploads\/2026\/01\/HASSANA-LIMA-1-07-HRS.mp3\"\n\t\t\t\t\t\tdata-qtmplayer-title=\"Semana Nacional do Ambiente reflecte sobre o impacto dos produtos qu\u00edmicos\"\n\t\t\t\t\t\tdata-qtmplayer-artist=\"Juliana Nunes\"\n\t\t\t\t\t\tdata-qtmplayer-link=\"https:\/\/rna.ao\/rna.ao\/2026\/01\/27\/semana-nacional-do-ambiente-reflecte-sobre-o-impacto-dos-produtos-quimicos\/\"\n\t\t\t\t\t\tdata-qtmplayer-icon=\"file_download\"\n\t\t\t\t\t\tdata-qtmplayer-type=\"track\"\n\t\t\t class=\"qtmplayer-play qtmplayer-link-sec qtmplayer-play-btn\"><i class='material-icons'>play_arrow<\/i><\/span>\n\t\t<p>\n\t\t\t<span class=\"qtmplayer-tit\">Semana Nacional do Ambiente reflecte sobre o impacto dos produtos qu\u00edmicos<\/span>\n\t\t\t<span class=\"qtmplayer-art\">Juliana Nunes<\/span>\n\t\t<\/p>\n\t<\/li>\n\t\t<\/ul>\n\t<\/div>\t\t\t\n\t\n<p>A respons\u00e1vel assegurou, no entanto, que os sinais de engajamento por parte do Estado e da sociedade s\u00e3o encorajadores, demonstrando uma crescente consci\u00eancia ambiental e maior participa\u00e7\u00e3o nas ac\u00e7\u00f5es de protec\u00e7\u00e3o do meio ambiente. Clique no \u00e1udio e ou\u00e7a:<\/p>\n\t<div class=\"qtmplayer-playlist-large\">\n\t\t<ul class=\"qtmplayer-playlist\">\n\t\t\t\n\t\t\t\t\t<li class=\"qtmplayer-trackitem\">\n\t\t<img src=\"https:\/\/rna.ao\/rna.ao\/wp-content\/uploads\/2026\/01\/IMG_5042-100x100.jpeg\" alt=\"cover\">\t\t<span \t\t\tdata-qtmplayer-cover=\"https:\/\/rna.ao\/rna.ao\/wp-content\/uploads\/2026\/01\/IMG_5042-370x370.jpeg\"\n\t\t\t\t\t\tdata-qtmplayer-file=\"https:\/\/rna.ao\/rna.ao\/wp-content\/uploads\/2026\/01\/HASSANA-LIMA-2-07-HRS.mp3\"\n\t\t\t\t\t\tdata-qtmplayer-title=\"Semana Nacional do Ambiente reflecte sobre o impacto dos produtos qu\u00edmicos\"\n\t\t\t\t\t\tdata-qtmplayer-artist=\"Juliana Nunes\"\n\t\t\t\t\t\tdata-qtmplayer-link=\"https:\/\/rna.ao\/rna.ao\/2026\/01\/27\/semana-nacional-do-ambiente-reflecte-sobre-o-impacto-dos-produtos-quimicos\/\"\n\t\t\t\t\t\tdata-qtmplayer-icon=\"file_download\"\n\t\t\t\t\t\tdata-qtmplayer-type=\"track\"\n\t\t\t class=\"qtmplayer-play qtmplayer-link-sec qtmplayer-play-btn\"><i class='material-icons'>play_arrow<\/i><\/span>\n\t\t<p>\n\t\t\t<span class=\"qtmplayer-tit\">Semana Nacional do Ambiente reflecte sobre o impacto dos produtos qu\u00edmicos<\/span>\n\t\t\t<span class=\"qtmplayer-art\">Juliana Nunes<\/span>\n\t\t<\/p>\n\t<\/li>\n\t\t<\/ul>\n\t<\/div>\t\t\t\n\t\n","protected":false},"excerpt":{"rendered":"<p>Est\u00e1 aberta, desde esta segunda-feira, a Semana Nacional do Ambiente, que decorre at\u00e9 ao dia 31 do corrente m\u00eas. Neste ano em que Angola assinala 50 anos da institucionaliza\u00e7\u00e3o da Semana Nacional do Ambiente, as reflex\u00f5es centram-se no impacto dos produtos qu\u00edmicos na sociedade e no meio ambiente. De acordo ...<\/p>\n","protected":false},"author":16,"featured_media":206000,"comment_status":"closed","ping_status":"closed","sticky":false,"template":"","format":"standard","meta":[],"categories":[142,121,164],"tags":[],"_links":{"self":[{"href":"https:\/\/rna.ao\/rna.ao\/wp-json\/wp\/v2\/posts\/205999"}],"collection":[{"href":"https:\/\/rna.ao\/rna.ao\/wp-json\/wp\/v2\/posts"}],"about":[{"href":"https:\/\/rna.ao\/rna.ao\/wp-json\/wp\/v2\/types\/post"}],"author":[{"embeddable":true,"href":"https:\/\/rna.ao\/rna.ao\/wp-json\/wp\/v2\/users\/16"}],"replies":[{"embeddable":true,"href":"https:\/\/rna.ao\/rna.ao\/wp-json\/wp\/v2\/comments?post=205999"}],"version-history":[{"count":3,"href":"https:\/\/rna.ao\/rna.ao\/wp-json\/wp\/v2\/posts\/205999\/revisions"}],"predecessor-version":[{"id":206005,"href":"https:\/\/rna.ao\/rna.ao\/wp-json\/wp\/v2\/posts\/205999\/revisions\/206005"}],"wp:featuredmedia":[{"embeddable":true,"href":"https:\/\/rna.ao\/rna.ao\/wp-json\/wp\/v2\/media\/206000"}],"wp:attachment":[{"href":"https:\/\/rna.ao\/rna.ao\/wp-json\/wp\/v2\/media?parent=205999"}],"wp:term":[{"taxonomy":"category","embeddable":true,"href":"https:\/\/rna.ao\/rna.ao\/wp-json\/wp\/v2\/categories?post=205999"},{"taxonomy":"post_tag","embeddable":true,"href":"https:\/\/rna.ao\/rna.ao\/wp-json\/wp\/v2\/tags?post=205999"}],"curies":[{"name":"wp","href":"https:\/\/api.w.org\/{rel}","templated":true}]}}