{"id":205993,"date":"2026-01-27T10:02:16","date_gmt":"2026-01-27T09:02:16","guid":{"rendered":"https:\/\/rna.ao\/rna.ao\/?p=205993"},"modified":"2026-01-27T10:02:49","modified_gmt":"2026-01-27T09:02:49","slug":"especialistas-criminais-e-de-justica-da-sadc-reunem-se-em-luanda-para-reforcar-o-combate-aos-crimes-financeiros","status":"publish","type":"post","link":"https:\/\/rna.ao\/rna.ao\/2026\/01\/27\/especialistas-criminais-e-de-justica-da-sadc-reunem-se-em-luanda-para-reforcar-o-combate-aos-crimes-financeiros\/","title":{"rendered":"Especialistas criminais e de justi\u00e7a da SADC re\u00fanem-se em Luanda para refor\u00e7ar o combate aos crimes financeiros"},"content":{"rendered":"<p><img loading=\"lazy\" class=\"alignnone size-medium wp-image-205994\" src=\"https:\/\/rna.ao\/rna.ao\/wp-content\/uploads\/2026\/01\/IMG_5041-770x513.jpeg\" alt=\"\" width=\"770\" height=\"513\" srcset=\"https:\/\/rna.ao\/rna.ao\/wp-content\/uploads\/2026\/01\/IMG_5041-770x513.jpeg 770w, https:\/\/rna.ao\/rna.ao\/wp-content\/uploads\/2026\/01\/IMG_5041-1170x780.jpeg 1170w, https:\/\/rna.ao\/rna.ao\/wp-content\/uploads\/2026\/01\/IMG_5041-768x512.jpeg 768w, https:\/\/rna.ao\/rna.ao\/wp-content\/uploads\/2026\/01\/IMG_5041.jpeg 1440w\" sizes=\"(max-width: 770px) 100vw, 770px\" \/>Especialistas criminais e de justi\u00e7a dos pa\u00edses membros da Comunidade de Desenvolvimento da \u00c1frica Austral &#8211; SADC est\u00e3o reunidos, em Luanda, para analisar e tra\u00e7ar estrat\u00e9gias conjuntas de combate aos crimes financeiros, ao branqueamento de capitais e ao financiamento do terrorismo.<\/p>\n<p>A reuni\u00e3o teve in\u00edcio esta segunda-feira e decorre at\u00e9 ao dia 30 do corrente m\u00eas, reunindo representantes dos 16 pa\u00edses membros da organiza\u00e7\u00e3o regional.<\/p>\n<p>O encontro visa refor\u00e7ar a coopera\u00e7\u00e3o regional, promover a troca de experi\u00eancias e harmonizar mecanismos de preven\u00e7\u00e3o, investiga\u00e7\u00e3o e repress\u00e3o destas pr\u00e1ticas criminosas que representam s\u00e9rias amea\u00e7as \u00e0 estabilidade econ\u00f3mica e \u00e0 seguran\u00e7a dos Estados da regi\u00e3o. Jornalista Dito Tavares. Clique no \u00e1udio e ou\u00e7a:<\/p>\n\t<div class=\"qtmplayer-playlist-large\">\n\t\t<ul class=\"qtmplayer-playlist\">\n\t\t\t\n\t\t\t\t\t<li class=\"qtmplayer-trackitem\">\n\t\t<img src=\"https:\/\/rna.ao\/rna.ao\/wp-content\/uploads\/2026\/01\/IMG_5040-100x100.jpeg\" alt=\"cover\">\t\t<span \t\t\tdata-qtmplayer-cover=\"https:\/\/rna.ao\/rna.ao\/wp-content\/uploads\/2026\/01\/IMG_5040-370x370.jpeg\"\n\t\t\t\t\t\tdata-qtmplayer-file=\"https:\/\/rna.ao\/rna.ao\/wp-content\/uploads\/2026\/01\/DITO-TAVARES-07-HRS-2.mp3\"\n\t\t\t\t\t\tdata-qtmplayer-title=\"Especialistas criminais e de justi\u00e7a da SADC re\u00fanem-se em Luanda para refor\u00e7ar o combate aos crimes financeiros\"\n\t\t\t\t\t\tdata-qtmplayer-artist=\"Juliana Nunes\"\n\t\t\t\t\t\tdata-qtmplayer-link=\"https:\/\/rna.ao\/rna.ao\/2026\/01\/27\/especialistas-criminais-e-de-justica-da-sadc-reunem-se-em-luanda-para-reforcar-o-combate-aos-crimes-financeiros\/\"\n\t\t\t\t\t\tdata-qtmplayer-icon=\"file_download\"\n\t\t\t\t\t\tdata-qtmplayer-type=\"track\"\n\t\t\t class=\"qtmplayer-play qtmplayer-link-sec qtmplayer-play-btn\"><i class='material-icons'>play_arrow<\/i><\/span>\n\t\t<p>\n\t\t\t<span class=\"qtmplayer-tit\">Especialistas criminais e de justi\u00e7a da SADC re\u00fanem-se em Luanda para refor\u00e7ar o combate aos crimes financeiros<\/span>\n\t\t\t<span class=\"qtmplayer-art\">Juliana Nunes<\/span>\n\t\t<\/p>\n\t<\/li>\n\t\t<\/ul>\n\t<\/div>\t\t\t\n\t\n","protected":false},"excerpt":{"rendered":"<p>Especialistas criminais e de justi\u00e7a dos pa\u00edses membros da Comunidade de Desenvolvimento da \u00c1frica Austral &#8211; SADC est\u00e3o reunidos, em Luanda, para analisar e tra\u00e7ar estrat\u00e9gias conjuntas de combate aos crimes financeiros, ao branqueamento de capitais e ao financiamento do terrorismo. A reuni\u00e3o teve in\u00edcio esta segunda-feira e decorre at\u00e9 ...<\/p>\n","protected":false},"author":16,"featured_media":205995,"comment_status":"closed","ping_status":"closed","sticky":false,"template":"","format":"standard","meta":[],"categories":[142,121,164],"tags":[],"_links":{"self":[{"href":"https:\/\/rna.ao\/rna.ao\/wp-json\/wp\/v2\/posts\/205993"}],"collection":[{"href":"https:\/\/rna.ao\/rna.ao\/wp-json\/wp\/v2\/posts"}],"about":[{"href":"https:\/\/rna.ao\/rna.ao\/wp-json\/wp\/v2\/types\/post"}],"author":[{"embeddable":true,"href":"https:\/\/rna.ao\/rna.ao\/wp-json\/wp\/v2\/users\/16"}],"replies":[{"embeddable":true,"href":"https:\/\/rna.ao\/rna.ao\/wp-json\/wp\/v2\/comments?post=205993"}],"version-history":[{"count":2,"href":"https:\/\/rna.ao\/rna.ao\/wp-json\/wp\/v2\/posts\/205993\/revisions"}],"predecessor-version":[{"id":205998,"href":"https:\/\/rna.ao\/rna.ao\/wp-json\/wp\/v2\/posts\/205993\/revisions\/205998"}],"wp:featuredmedia":[{"embeddable":true,"href":"https:\/\/rna.ao\/rna.ao\/wp-json\/wp\/v2\/media\/205995"}],"wp:attachment":[{"href":"https:\/\/rna.ao\/rna.ao\/wp-json\/wp\/v2\/media?parent=205993"}],"wp:term":[{"taxonomy":"category","embeddable":true,"href":"https:\/\/rna.ao\/rna.ao\/wp-json\/wp\/v2\/categories?post=205993"},{"taxonomy":"post_tag","embeddable":true,"href":"https:\/\/rna.ao\/rna.ao\/wp-json\/wp\/v2\/tags?post=205993"}],"curies":[{"name":"wp","href":"https:\/\/api.w.org\/{rel}","templated":true}]}}