{"id":205983,"date":"2026-01-27T09:47:08","date_gmt":"2026-01-27T08:47:08","guid":{"rendered":"https:\/\/rna.ao\/rna.ao\/?p=205983"},"modified":"2026-01-27T09:50:11","modified_gmt":"2026-01-27T08:50:11","slug":"advogado-e-academico-samuel-pedro-lanca-hoje-livro-sobre-arbitragem-nos-contratos-administrativos","status":"publish","type":"post","link":"https:\/\/rna.ao\/rna.ao\/2026\/01\/27\/advogado-e-academico-samuel-pedro-lanca-hoje-livro-sobre-arbitragem-nos-contratos-administrativos\/","title":{"rendered":"Advogado e acad\u00e9mico Samuel Pedro lan\u00e7a hoje livro sobre Arbitragem nos Contratos Administrativos em Angola"},"content":{"rendered":"<p><img loading=\"lazy\" class=\"alignnone size-medium wp-image-205984\" src=\"https:\/\/rna.ao\/rna.ao\/wp-content\/uploads\/2026\/01\/71b275b8-593b-4167-aef4-6eaa97451f86-454x770.jpeg\" alt=\"\" width=\"454\" height=\"770\" srcset=\"https:\/\/rna.ao\/rna.ao\/wp-content\/uploads\/2026\/01\/71b275b8-593b-4167-aef4-6eaa97451f86-454x770.jpeg 454w, https:\/\/rna.ao\/rna.ao\/wp-content\/uploads\/2026\/01\/71b275b8-593b-4167-aef4-6eaa97451f86.jpeg 641w\" sizes=\"(max-width: 454px) 100vw, 454px\" \/>O advogado e acad\u00e9mico Samuel Pedro lan\u00e7a hoje, \u00e0s 16h00, na Faculdade de Direito da Universidade Agostinho Neto, em Luanda, a sua obra intitulada \u201cArbitragem nos Contratos Administrativos em Angola\u201d.<\/p>\n<p>Com 156 p\u00e1ginas, o livro resulta da sua disserta\u00e7\u00e3o de Mestrado em Ci\u00eancias Jur\u00eddicas e Empresariais, conclu\u00edda em 2024, na Faculdade de Direito da Universidade Agostinho Neto.<\/p>\n<p>Segundo o autor, a obra est\u00e1 fundamentada em 52 refer\u00eancias bibliogr\u00e1ficas nacionais e estrangeiras. Clique no \u00e1udio e ou\u00e7a:<\/p>\n\t<div class=\"qtmplayer-playlist-large\">\n\t\t<ul class=\"qtmplayer-playlist\">\n\t\t\t\n\t\t\t\t\t<li class=\"qtmplayer-trackitem\">\n\t\t<img src=\"https:\/\/rna.ao\/rna.ao\/wp-content\/uploads\/2026\/01\/b99b6680-1f83-4214-b7c9-dceb45d4f068-100x100.jpeg\" alt=\"cover\">\t\t<span \t\t\tdata-qtmplayer-cover=\"https:\/\/rna.ao\/rna.ao\/wp-content\/uploads\/2026\/01\/b99b6680-1f83-4214-b7c9-dceb45d4f068-370x370.jpeg\"\n\t\t\t\t\t\tdata-qtmplayer-file=\"https:\/\/rna.ao\/rna.ao\/wp-content\/uploads\/2026\/01\/SAMUEL-PEDRO-107-HRS.mp3\"\n\t\t\t\t\t\tdata-qtmplayer-title=\"Advogado e acad\u00e9mico Samuel Pedro lan\u00e7a hoje livro sobre Arbitragem nos Contratos Administrativos em Angola\"\n\t\t\t\t\t\tdata-qtmplayer-artist=\"Juliana Nunes\"\n\t\t\t\t\t\tdata-qtmplayer-link=\"https:\/\/rna.ao\/rna.ao\/2026\/01\/27\/advogado-e-academico-samuel-pedro-lanca-hoje-livro-sobre-arbitragem-nos-contratos-administrativos\/\"\n\t\t\t\t\t\tdata-qtmplayer-icon=\"file_download\"\n\t\t\t\t\t\tdata-qtmplayer-type=\"track\"\n\t\t\t class=\"qtmplayer-play qtmplayer-link-sec qtmplayer-play-btn\"><i class='material-icons'>play_arrow<\/i><\/span>\n\t\t<p>\n\t\t\t<span class=\"qtmplayer-tit\">Advogado e acad\u00e9mico Samuel Pedro lan\u00e7a hoje livro sobre Arbitragem nos Contratos Administrativos em Angola<\/span>\n\t\t\t<span class=\"qtmplayer-art\">Juliana Nunes<\/span>\n\t\t<\/p>\n\t<\/li>\n\t\t<\/ul>\n\t<\/div>\t\t\t\n\t\n","protected":false},"excerpt":{"rendered":"<p>O advogado e acad\u00e9mico Samuel Pedro lan\u00e7a hoje, \u00e0s 16h00, na Faculdade de Direito da Universidade Agostinho Neto, em Luanda, a sua obra intitulada \u201cArbitragem nos Contratos Administrativos em Angola\u201d. Com 156 p\u00e1ginas, o livro resulta da sua disserta\u00e7\u00e3o de Mestrado em Ci\u00eancias Jur\u00eddicas e Empresariais, conclu\u00edda em 2024, na ...<\/p>\n","protected":false},"author":16,"featured_media":205985,"comment_status":"closed","ping_status":"closed","sticky":false,"template":"","format":"standard","meta":[],"categories":[142,121,164],"tags":[],"_links":{"self":[{"href":"https:\/\/rna.ao\/rna.ao\/wp-json\/wp\/v2\/posts\/205983"}],"collection":[{"href":"https:\/\/rna.ao\/rna.ao\/wp-json\/wp\/v2\/posts"}],"about":[{"href":"https:\/\/rna.ao\/rna.ao\/wp-json\/wp\/v2\/types\/post"}],"author":[{"embeddable":true,"href":"https:\/\/rna.ao\/rna.ao\/wp-json\/wp\/v2\/users\/16"}],"replies":[{"embeddable":true,"href":"https:\/\/rna.ao\/rna.ao\/wp-json\/wp\/v2\/comments?post=205983"}],"version-history":[{"count":3,"href":"https:\/\/rna.ao\/rna.ao\/wp-json\/wp\/v2\/posts\/205983\/revisions"}],"predecessor-version":[{"id":205991,"href":"https:\/\/rna.ao\/rna.ao\/wp-json\/wp\/v2\/posts\/205983\/revisions\/205991"}],"wp:featuredmedia":[{"embeddable":true,"href":"https:\/\/rna.ao\/rna.ao\/wp-json\/wp\/v2\/media\/205985"}],"wp:attachment":[{"href":"https:\/\/rna.ao\/rna.ao\/wp-json\/wp\/v2\/media?parent=205983"}],"wp:term":[{"taxonomy":"category","embeddable":true,"href":"https:\/\/rna.ao\/rna.ao\/wp-json\/wp\/v2\/categories?post=205983"},{"taxonomy":"post_tag","embeddable":true,"href":"https:\/\/rna.ao\/rna.ao\/wp-json\/wp\/v2\/tags?post=205983"}],"curies":[{"name":"wp","href":"https:\/\/api.w.org\/{rel}","templated":true}]}}