{"id":205819,"date":"2026-01-25T10:10:00","date_gmt":"2026-01-25T09:10:00","guid":{"rendered":"https:\/\/rna.ao\/rna.ao\/?p=205819"},"modified":"2026-01-25T10:10:00","modified_gmt":"2026-01-25T09:10:00","slug":"pgr-intensifica-accoes-de-cooperacao-internacional-para-a-recuperacao-e-repatriamento-de-activos-desviados-do-pais","status":"publish","type":"post","link":"https:\/\/rna.ao\/rna.ao\/2026\/01\/25\/pgr-intensifica-accoes-de-cooperacao-internacional-para-a-recuperacao-e-repatriamento-de-activos-desviados-do-pais\/","title":{"rendered":"PGR intensifica ac\u00e7\u00f5es de coopera\u00e7\u00e3o internacional para a recupera\u00e7\u00e3o e repatriamento de activos desviados do pa\u00eds"},"content":{"rendered":"<p><img loading=\"lazy\" class=\"size-full wp-image-101127 alignleft\" src=\"https:\/\/rna.ao\/rna.ao\/wp-content\/uploads\/2023\/04\/PGR-SEDE.jpg\" alt=\"\" width=\"432\" height=\"243\" \/>O Procurador Geral da Republica anunciou, no Huambo a intensifica\u00e7\u00e3o das ac\u00e7\u00f5es de coopera\u00e7\u00e3o internacional para a recupera\u00e7\u00e3o e repatriamento de activos. H\u00e9lder Pitta Gr\u00f3s garantiu que os activos desviados ou mantidos fora do pa\u00eds devem ser recuperados de modo a contribuir para o fortalecimentos das finan\u00e7as publicas e na justi\u00e7a social. Ou\u00e7a o desenvolvimento desta mat\u00e9ria na voz da jornalista \u00a0Felismina das Dores:<\/p>\n\t<div class=\"qtmplayer-playlist-large\">\n\t\t<ul class=\"qtmplayer-playlist\">\n\t\t\t\n\t\t\t\t\t<li class=\"qtmplayer-trackitem\">\n\t\t<img src=\"https:\/\/rna.ao\/rna.ao\/wp-content\/uploads\/2021\/05\/pgr-aperta-casos-de-corrupcao-no-namibe-1571064217-100x100.jpg\" alt=\"cover\">\t\t<span \t\t\tdata-qtmplayer-cover=\"https:\/\/rna.ao\/rna.ao\/wp-content\/uploads\/2021\/05\/pgr-aperta-casos-de-corrupcao-no-namibe-1571064217-370x370.jpg\"\n\t\t\t\t\t\tdata-qtmplayer-file=\"https:\/\/rna.ao\/rna.ao\/wp-content\/uploads\/2026\/01\/HUAMBO-PGR-00HRS.mp3\"\n\t\t\t\t\t\tdata-qtmplayer-title=\"PGR intensifica ac\u00e7\u00f5es de coopera\u00e7\u00e3o internacional para a recupera\u00e7\u00e3o e repatriamento de activos desviados do pa\u00eds\"\n\t\t\t\t\t\tdata-qtmplayer-artist=\"Ant\u00f3nio Augusto\"\n\t\t\t\t\t\tdata-qtmplayer-link=\"https:\/\/rna.ao\/rna.ao\/2026\/01\/25\/pgr-intensifica-accoes-de-cooperacao-internacional-para-a-recuperacao-e-repatriamento-de-activos-desviados-do-pais\/\"\n\t\t\t\t\t\tdata-qtmplayer-icon=\"file_download\"\n\t\t\t\t\t\tdata-qtmplayer-type=\"track\"\n\t\t\t class=\"qtmplayer-play qtmplayer-link-sec qtmplayer-play-btn\"><i class='material-icons'>play_arrow<\/i><\/span>\n\t\t<p>\n\t\t\t<span class=\"qtmplayer-tit\">PGR intensifica ac\u00e7\u00f5es de coopera\u00e7\u00e3o internacional para a recupera\u00e7\u00e3o e repatriamento de activos desviados do pa\u00eds<\/span>\n\t\t\t<span class=\"qtmplayer-art\">Ant\u00f3nio Augusto<\/span>\n\t\t<\/p>\n\t<\/li>\n\t\t<\/ul>\n\t<\/div>\t\t\t\n\t\n","protected":false},"excerpt":{"rendered":"<p>O Procurador Geral da Republica anunciou, no Huambo a intensifica\u00e7\u00e3o das ac\u00e7\u00f5es de coopera\u00e7\u00e3o internacional para a recupera\u00e7\u00e3o e repatriamento de activos. H\u00e9lder Pitta Gr\u00f3s garantiu que os activos desviados ou mantidos fora do pa\u00eds devem ser recuperados de modo a contribuir para o fortalecimentos das finan\u00e7as publicas e na ...<\/p>\n","protected":false},"author":23,"featured_media":24768,"comment_status":"closed","ping_status":"closed","sticky":false,"template":"","format":"standard","meta":[],"categories":[142,121,163],"tags":[],"_links":{"self":[{"href":"https:\/\/rna.ao\/rna.ao\/wp-json\/wp\/v2\/posts\/205819"}],"collection":[{"href":"https:\/\/rna.ao\/rna.ao\/wp-json\/wp\/v2\/posts"}],"about":[{"href":"https:\/\/rna.ao\/rna.ao\/wp-json\/wp\/v2\/types\/post"}],"author":[{"embeddable":true,"href":"https:\/\/rna.ao\/rna.ao\/wp-json\/wp\/v2\/users\/23"}],"replies":[{"embeddable":true,"href":"https:\/\/rna.ao\/rna.ao\/wp-json\/wp\/v2\/comments?post=205819"}],"version-history":[{"count":1,"href":"https:\/\/rna.ao\/rna.ao\/wp-json\/wp\/v2\/posts\/205819\/revisions"}],"predecessor-version":[{"id":205821,"href":"https:\/\/rna.ao\/rna.ao\/wp-json\/wp\/v2\/posts\/205819\/revisions\/205821"}],"wp:featuredmedia":[{"embeddable":true,"href":"https:\/\/rna.ao\/rna.ao\/wp-json\/wp\/v2\/media\/24768"}],"wp:attachment":[{"href":"https:\/\/rna.ao\/rna.ao\/wp-json\/wp\/v2\/media?parent=205819"}],"wp:term":[{"taxonomy":"category","embeddable":true,"href":"https:\/\/rna.ao\/rna.ao\/wp-json\/wp\/v2\/categories?post=205819"},{"taxonomy":"post_tag","embeddable":true,"href":"https:\/\/rna.ao\/rna.ao\/wp-json\/wp\/v2\/tags?post=205819"}],"curies":[{"name":"wp","href":"https:\/\/api.w.org\/{rel}","templated":true}]}}