{"id":205815,"date":"2026-01-25T09:56:52","date_gmt":"2026-01-25T08:56:52","guid":{"rendered":"https:\/\/rna.ao\/rna.ao\/?p=205815"},"modified":"2026-01-25T09:56:52","modified_gmt":"2026-01-25T08:56:52","slug":"embaixador-jose-bamoquina-zaubenim-procede-entrega-em-cotonou-benim-mensagem-do-chefe-de-estado-angolano-dirigida-ao-presidente-patrice-talon","status":"publish","type":"post","link":"https:\/\/rna.ao\/rna.ao\/2026\/01\/25\/embaixador-jose-bamoquina-zaubenim-procede-entrega-em-cotonou-benim-mensagem-do-chefe-de-estado-angolano-dirigida-ao-presidente-patrice-talon\/","title":{"rendered":"Embaixador Jos\u00e9 Bam\u00f3quina ZauBenim procede entrega em Cotonou, Benim, mensagem do Chefe de Estado angolano, dirigida ao Presidente Patrice Talon"},"content":{"rendered":"<p><img loading=\"lazy\" class=\"wp-image-205817 alignleft\" src=\"https:\/\/rna.ao\/rna.ao\/wp-content\/uploads\/2026\/01\/Jose-Bamoquina-Zau-ENTREGA-CARTAZ-NO-Benim-770x644.jpg\" alt=\"\" width=\"381\" height=\"319\" srcset=\"https:\/\/rna.ao\/rna.ao\/wp-content\/uploads\/2026\/01\/Jose-Bamoquina-Zau-ENTREGA-CARTAZ-NO-Benim-770x644.jpg 770w, https:\/\/rna.ao\/rna.ao\/wp-content\/uploads\/2026\/01\/Jose-Bamoquina-Zau-ENTREGA-CARTAZ-NO-Benim-1170x978.jpg 1170w, https:\/\/rna.ao\/rna.ao\/wp-content\/uploads\/2026\/01\/Jose-Bamoquina-Zau-ENTREGA-CARTAZ-NO-Benim-768x642.jpg 768w, https:\/\/rna.ao\/rna.ao\/wp-content\/uploads\/2026\/01\/Jose-Bamoquina-Zau-ENTREGA-CARTAZ-NO-Benim-1536x1284.jpg 1536w, https:\/\/rna.ao\/rna.ao\/wp-content\/uploads\/2026\/01\/Jose-Bamoquina-Zau-ENTREGA-CARTAZ-NO-Benim.jpg 1920w\" sizes=\"(max-width: 381px) 100vw, 381px\" \/>O embaixador da Rep\u00fablica de Angola na Rep\u00fablica Federal da Nig\u00e9ria, Benim, N\u00edger e CEDEAO, Jos\u00e9 Bam\u00f3quina Zau, procedeu \u00e0 entrega, nesta sexta-feira, em Cotonou, sede do governo do Benim, de uma mensagem do Chefe de Estado angolano, dirigida ao Presidente Patrice Talon.\u00a0\u200eA missiva do Presidente da Rep\u00fablica, Jo\u00e3o Louren\u00e7o, foi recebida pelo secret\u00e1rio-geral do Minist\u00e9rio dos Neg\u00f3cios Estrangeiros do Benim, Franck Afoukou, em representa\u00e7\u00e3o de Oloushegun Adjadi, ministro dos Neg\u00f3cios Estrangeiros daquele pa\u00eds da \u00c1frica Ocidental.<\/p>\n<p>De acordo com uma nota de imprensa dos Servi\u00e7os de Comunica\u00e7\u00e3o Institucional da Embaixada de Angola, o conte\u00fado da mensagem n\u00e3o foi revelado, todavia, acredita-se o documento reitera a troca de correspond\u00eancias sobre o refor\u00e7o da coopera\u00e7\u00e3o bilateral e a concerta\u00e7\u00e3o diplom\u00e1tica no \u00e2mbito da Uni\u00e3o Africana que Angola preside.<\/p>\n<p>\u200e\u00a0\u00a0\u00a0\u00a0\u00a0\u00a0\u00a0\u00a0 \u200eDurante a audi\u00eancia que os dois diplomatas mantiveram, foram abordados temas relacionados com o pr\u00f3ximo encontro, em Cotonou, entre o ministro angolano das Rela\u00e7\u00f5es Exteriores, T\u00e9te Ant\u00f3nio e o seu hom\u00f3logo beninense, Oloushegun Bakary Adjadi.\u00a0A reuni\u00e3o entre os chefes da diplomacia dos dois pa\u00edses visa, sobretudo, a assinatura de um acordo no dom\u00ednio dos transportes a\u00e9reos e da indica\u00e7\u00e3o da data da primeira reuni\u00e3o da Comiss\u00e3o Mista Bilateral.<\/p>\n","protected":false},"excerpt":{"rendered":"<p>O embaixador da Rep\u00fablica de Angola na Rep\u00fablica Federal da Nig\u00e9ria, Benim, N\u00edger e CEDEAO, Jos\u00e9 Bam\u00f3quina Zau, procedeu \u00e0 entrega, nesta sexta-feira, em Cotonou, sede do governo do Benim, de uma mensagem do Chefe de Estado angolano, dirigida ao Presidente Patrice Talon.\u00a0\u200eA missiva do Presidente da Rep\u00fablica, Jo\u00e3o Louren\u00e7o, ...<\/p>\n","protected":false},"author":23,"featured_media":205817,"comment_status":"closed","ping_status":"closed","sticky":false,"template":"","format":"standard","meta":[],"categories":[142,121,163],"tags":[],"_links":{"self":[{"href":"https:\/\/rna.ao\/rna.ao\/wp-json\/wp\/v2\/posts\/205815"}],"collection":[{"href":"https:\/\/rna.ao\/rna.ao\/wp-json\/wp\/v2\/posts"}],"about":[{"href":"https:\/\/rna.ao\/rna.ao\/wp-json\/wp\/v2\/types\/post"}],"author":[{"embeddable":true,"href":"https:\/\/rna.ao\/rna.ao\/wp-json\/wp\/v2\/users\/23"}],"replies":[{"embeddable":true,"href":"https:\/\/rna.ao\/rna.ao\/wp-json\/wp\/v2\/comments?post=205815"}],"version-history":[{"count":1,"href":"https:\/\/rna.ao\/rna.ao\/wp-json\/wp\/v2\/posts\/205815\/revisions"}],"predecessor-version":[{"id":205818,"href":"https:\/\/rna.ao\/rna.ao\/wp-json\/wp\/v2\/posts\/205815\/revisions\/205818"}],"wp:featuredmedia":[{"embeddable":true,"href":"https:\/\/rna.ao\/rna.ao\/wp-json\/wp\/v2\/media\/205817"}],"wp:attachment":[{"href":"https:\/\/rna.ao\/rna.ao\/wp-json\/wp\/v2\/media?parent=205815"}],"wp:term":[{"taxonomy":"category","embeddable":true,"href":"https:\/\/rna.ao\/rna.ao\/wp-json\/wp\/v2\/categories?post=205815"},{"taxonomy":"post_tag","embeddable":true,"href":"https:\/\/rna.ao\/rna.ao\/wp-json\/wp\/v2\/tags?post=205815"}],"curies":[{"name":"wp","href":"https:\/\/api.w.org\/{rel}","templated":true}]}}