{"id":205807,"date":"2026-01-25T09:46:19","date_gmt":"2026-01-25T08:46:19","guid":{"rendered":"https:\/\/rna.ao\/rna.ao\/?p=205807"},"modified":"2026-01-25T09:46:19","modified_gmt":"2026-01-25T08:46:19","slug":"presidente-joao-lourenco-participa-da-9a-sessao-extraordinaria-da-ceeac","status":"publish","type":"post","link":"https:\/\/rna.ao\/rna.ao\/2026\/01\/25\/presidente-joao-lourenco-participa-da-9a-sessao-extraordinaria-da-ceeac\/","title":{"rendered":"Presidente Jo\u00e3o Louren\u00e7o participa da 9\u00aa sess\u00e3o extraordin\u00e1ria da CEEAC"},"content":{"rendered":"<p><img loading=\"lazy\" class=\"alignnone  wp-image-205809\" src=\"https:\/\/rna.ao\/rna.ao\/wp-content\/uploads\/2026\/01\/Presidente-da-Republica-de-Angola-Joao-Lourenco-reuniao.jpg\" alt=\"\" width=\"317\" height=\"211\" \/> <img loading=\"lazy\" class=\"alignnone size-medium wp-image-205810\" src=\"https:\/\/rna.ao\/rna.ao\/wp-content\/uploads\/2026\/01\/CEAC-Presidente-da-Republica-de-Angola-Joao-Lourenco.jpg\" alt=\"\" width=\"320\" height=\"213\" \/><\/p>\n<p>O Presidente da Rep\u00fablica, Jo\u00e3o Louren\u00e7o, participou hoje, s\u00e1bado, na Nona Sess\u00e3o Extraordin\u00e1ria da Confer\u00eancia de Chefes de Estado e de Governo da Comunidade Econ\u00f3mica dos Estados da \u00c1frica Central, &#8220;CEEAC&#8221;, realizada em formato virtual. A cimeira foi orientada pelo Chefe de Estado da Guin\u00e9 Equatorial, Teodoro Obiang Nguema, na qualidade de Presidente em exerc\u00edcio da organiza\u00e7\u00e3o, que destacou a elei\u00e7\u00e3o do angolano Olu\u00edmo Tavira da Silva, confirmado como Comiss\u00e1rio da CEEAC para o Mercado Comum, Assuntos Econ\u00f3micos, Monet\u00e1rio e Finan\u00e7as. Na sua interven\u00e7\u00e3o, o Presidente Jo\u00e3o Louren\u00e7o felicitou os membros eleitos e defendeu o r\u00e1pido in\u00edcio das fun\u00e7\u00f5es para garantir a plena operacionaliza\u00e7\u00e3o da organiza\u00e7\u00e3o. O Chefe de Estado reafirmou ainda o compromisso de Angola com a paz, a estabilidade regional e das contribui\u00e7\u00f5es estatut\u00e1rias.<\/p>\n<p>E o jornalista e especialista em rela\u00e7\u00f5es internacionais Faustino Henriques, afirma que a estabilidade e a paz regional, dependem da integra\u00e7\u00e3o de todos os pa\u00edses membros. Segundo Faustino Henriques, um dos desafios do presidente Teodoro Obiangue Nguema, passa pela necessidade de integrar o Rwanda como estado membro, uma vez que este Pa\u00eds faz parte do conflito com a RDC. Clique no \u00e1udio abaixo e ou\u00e7a:<\/p>\n\t<div class=\"qtmplayer-playlist-large\">\n\t\t<ul class=\"qtmplayer-playlist\">\n\t\t\t\n\t\t\t\t\t<li class=\"qtmplayer-trackitem\">\n\t\t<img src=\"https:\/\/rna.ao\/rna.ao\/wp-content\/uploads\/2026\/01\/Presidente-da-Republica-de-Angola-Joao-Lourenco-reuniao-ceacc-100x100.jpg\" alt=\"cover\">\t\t<span \t\t\tdata-qtmplayer-cover=\"https:\/\/rna.ao\/rna.ao\/wp-content\/uploads\/2026\/01\/Presidente-da-Republica-de-Angola-Joao-Lourenco-reuniao-ceacc.jpg\"\n\t\t\t\t\t\tdata-qtmplayer-file=\"https:\/\/rna.ao\/rna.ao\/wp-content\/uploads\/2026\/01\/FAUSTINO-HENRIQUES-00HRS.mp3\"\n\t\t\t\t\t\tdata-qtmplayer-title=\"Presidente Jo\u00e3o Louren\u00e7o participa da 9\u00aa sess\u00e3o extraordin\u00e1ria da CEEAC\"\n\t\t\t\t\t\tdata-qtmplayer-artist=\"Ant\u00f3nio Augusto\"\n\t\t\t\t\t\tdata-qtmplayer-link=\"https:\/\/rna.ao\/rna.ao\/2026\/01\/25\/presidente-joao-lourenco-participa-da-9a-sessao-extraordinaria-da-ceeac\/\"\n\t\t\t\t\t\tdata-qtmplayer-icon=\"file_download\"\n\t\t\t\t\t\tdata-qtmplayer-type=\"track\"\n\t\t\t class=\"qtmplayer-play qtmplayer-link-sec qtmplayer-play-btn\"><i class='material-icons'>play_arrow<\/i><\/span>\n\t\t<p>\n\t\t\t<span class=\"qtmplayer-tit\">Presidente Jo\u00e3o Louren\u00e7o participa da 9\u00aa sess\u00e3o extraordin\u00e1ria da CEEAC<\/span>\n\t\t\t<span class=\"qtmplayer-art\">Ant\u00f3nio Augusto<\/span>\n\t\t<\/p>\n\t<\/li>\n\t\t<\/ul>\n\t<\/div>\t\t\t\n\t\n","protected":false},"excerpt":{"rendered":"<p>O Presidente da Rep\u00fablica, Jo\u00e3o Louren\u00e7o, participou hoje, s\u00e1bado, na Nona Sess\u00e3o Extraordin\u00e1ria da Confer\u00eancia de Chefes de Estado e de Governo da Comunidade Econ\u00f3mica dos Estados da \u00c1frica Central, &#8220;CEEAC&#8221;, realizada em formato virtual. A cimeira foi orientada pelo Chefe de Estado da Guin\u00e9 Equatorial, Teodoro Obiang Nguema, na ...<\/p>\n","protected":false},"author":23,"featured_media":205812,"comment_status":"closed","ping_status":"closed","sticky":false,"template":"","format":"standard","meta":[],"categories":[142,121,163],"tags":[],"_links":{"self":[{"href":"https:\/\/rna.ao\/rna.ao\/wp-json\/wp\/v2\/posts\/205807"}],"collection":[{"href":"https:\/\/rna.ao\/rna.ao\/wp-json\/wp\/v2\/posts"}],"about":[{"href":"https:\/\/rna.ao\/rna.ao\/wp-json\/wp\/v2\/types\/post"}],"author":[{"embeddable":true,"href":"https:\/\/rna.ao\/rna.ao\/wp-json\/wp\/v2\/users\/23"}],"replies":[{"embeddable":true,"href":"https:\/\/rna.ao\/rna.ao\/wp-json\/wp\/v2\/comments?post=205807"}],"version-history":[{"count":1,"href":"https:\/\/rna.ao\/rna.ao\/wp-json\/wp\/v2\/posts\/205807\/revisions"}],"predecessor-version":[{"id":205813,"href":"https:\/\/rna.ao\/rna.ao\/wp-json\/wp\/v2\/posts\/205807\/revisions\/205813"}],"wp:featuredmedia":[{"embeddable":true,"href":"https:\/\/rna.ao\/rna.ao\/wp-json\/wp\/v2\/media\/205812"}],"wp:attachment":[{"href":"https:\/\/rna.ao\/rna.ao\/wp-json\/wp\/v2\/media?parent=205807"}],"wp:term":[{"taxonomy":"category","embeddable":true,"href":"https:\/\/rna.ao\/rna.ao\/wp-json\/wp\/v2\/categories?post=205807"},{"taxonomy":"post_tag","embeddable":true,"href":"https:\/\/rna.ao\/rna.ao\/wp-json\/wp\/v2\/tags?post=205807"}],"curies":[{"name":"wp","href":"https:\/\/api.w.org\/{rel}","templated":true}]}}