{"id":205803,"date":"2026-01-25T09:27:14","date_gmt":"2026-01-25T08:27:14","guid":{"rendered":"https:\/\/rna.ao\/rna.ao\/?p=205803"},"modified":"2026-01-25T09:27:14","modified_gmt":"2026-01-25T08:27:14","slug":"fieis-evangelicos-e-catolicos-rezam-hoje-a-favor-da-unidade-da-igreja-nas-celebracoes-dos-450-anos-da-cidade-de-luanda","status":"publish","type":"post","link":"https:\/\/rna.ao\/rna.ao\/2026\/01\/25\/fieis-evangelicos-e-catolicos-rezam-hoje-a-favor-da-unidade-da-igreja-nas-celebracoes-dos-450-anos-da-cidade-de-luanda\/","title":{"rendered":"Fi\u00e9is evang\u00e9licos e cat\u00f3licos rezam hoje \u00e0 favor da unidade da igreja nas celebra\u00e7\u00f5es dos 450 anos da cidade de Luanda"},"content":{"rendered":"<p><img loading=\"lazy\" class=\"size-full wp-image-136581 aligncenter\" src=\"https:\/\/rna.ao\/rna.ao\/wp-content\/uploads\/2024\/04\/igrejas-culto-cica.jpg\" alt=\"\" width=\"353\" height=\"216\" \/>A Par\u00f3quia da Sagrada Fam\u00edlia acolhe hoje o culto de encerramento da semana de ora\u00e7\u00e3o pela unidade dos crist\u00e3os, que vai marcar a homenagem aos 450 anos da cidade de Luanda que hoje se assinalam. A semana de ora\u00e7\u00e3o pela unidade crist\u00e3 \u00e9 um per\u00edodo em que fi\u00e9is evang\u00e9licos e cat\u00f3licos se re\u00faniram para rezar a favor da unidade da igreja. O secret\u00e1rio geral do Conselho de Igrejas Crist\u00e3s em Angola Vladimiro Agostinho avan\u00e7a que o acto de encerramento da semana de ora\u00e7\u00e3o estar\u00e1 centrado no lema da unidade. Clique no \u00e1udio abaixo e ou\u00e7a:<\/p>\n\t<div class=\"qtmplayer-playlist-large\">\n\t\t<ul class=\"qtmplayer-playlist\">\n\t\t\t\n\t\t\t\t\t<li class=\"qtmplayer-trackitem\">\n\t\t<img src=\"https:\/\/rna.ao\/rna.ao\/wp-content\/uploads\/2024\/04\/igrejas-culto-cica-100x100.jpg\" alt=\"cover\">\t\t<span \t\t\tdata-qtmplayer-cover=\"https:\/\/rna.ao\/rna.ao\/wp-content\/uploads\/2024\/04\/igrejas-culto-cica.jpg\"\n\t\t\t\t\t\tdata-qtmplayer-file=\"https:\/\/rna.ao\/rna.ao\/wp-content\/uploads\/2026\/01\/VLADIMIRO-AGOSTINHO-00HRS.mp3\"\n\t\t\t\t\t\tdata-qtmplayer-title=\"Fi\u00e9is evang\u00e9licos e cat\u00f3licos rezam hoje \u00e0 favor da unidade da igreja nas celebra\u00e7\u00f5es dos 450 anos da cidade de Luanda\"\n\t\t\t\t\t\tdata-qtmplayer-artist=\"Ant\u00f3nio Augusto\"\n\t\t\t\t\t\tdata-qtmplayer-link=\"https:\/\/rna.ao\/rna.ao\/2026\/01\/25\/fieis-evangelicos-e-catolicos-rezam-hoje-a-favor-da-unidade-da-igreja-nas-celebracoes-dos-450-anos-da-cidade-de-luanda\/\"\n\t\t\t\t\t\tdata-qtmplayer-icon=\"file_download\"\n\t\t\t\t\t\tdata-qtmplayer-type=\"track\"\n\t\t\t class=\"qtmplayer-play qtmplayer-link-sec qtmplayer-play-btn\"><i class='material-icons'>play_arrow<\/i><\/span>\n\t\t<p>\n\t\t\t<span class=\"qtmplayer-tit\">Fi\u00e9is evang\u00e9licos e cat\u00f3licos rezam hoje \u00e0 favor da unidade da igreja nas celebra\u00e7\u00f5es dos 450 anos da cidade de Luanda<\/span>\n\t\t\t<span class=\"qtmplayer-art\">Ant\u00f3nio Augusto<\/span>\n\t\t<\/p>\n\t<\/li>\n\t\t<\/ul>\n\t<\/div>\t\t\t\n\t\n<p>Por seu turno, o l\u00edder da Liga Ecum\u00e9nica de Igrejas em Angola, Ap\u00f3stolo Elias Pedro afirma que todas as igrejas associadas v\u00e3o participar deste acto de encerramento da semana de ora\u00e7\u00e3o pela unidade dos crist\u00e3os e na visita do Papa Le\u00e3o 14. Clique no \u00e1udio abaixo e ou\u00e7a:<\/p>\n\t<div class=\"qtmplayer-playlist-large\">\n\t\t<ul class=\"qtmplayer-playlist\">\n\t\t\t\n\t\t\t\t\t<li class=\"qtmplayer-trackitem\">\n\t\t<img src=\"https:\/\/rna.ao\/rna.ao\/wp-content\/uploads\/2024\/04\/igrejas-culto-cica-100x100.jpg\" alt=\"cover\">\t\t<span \t\t\tdata-qtmplayer-cover=\"https:\/\/rna.ao\/rna.ao\/wp-content\/uploads\/2024\/04\/igrejas-culto-cica.jpg\"\n\t\t\t\t\t\tdata-qtmplayer-file=\"https:\/\/rna.ao\/rna.ao\/wp-content\/uploads\/2026\/01\/APOSTOLO-ELIAS-PEDRO-06-HRS.mp3\"\n\t\t\t\t\t\tdata-qtmplayer-title=\"Fi\u00e9is evang\u00e9licos e cat\u00f3licos rezam hoje \u00e0 favor da unidade da igreja nas celebra\u00e7\u00f5es dos 450 anos da cidade de Luanda\"\n\t\t\t\t\t\tdata-qtmplayer-artist=\"Ant\u00f3nio Augusto\"\n\t\t\t\t\t\tdata-qtmplayer-link=\"https:\/\/rna.ao\/rna.ao\/2026\/01\/25\/fieis-evangelicos-e-catolicos-rezam-hoje-a-favor-da-unidade-da-igreja-nas-celebracoes-dos-450-anos-da-cidade-de-luanda\/\"\n\t\t\t\t\t\tdata-qtmplayer-icon=\"file_download\"\n\t\t\t\t\t\tdata-qtmplayer-type=\"track\"\n\t\t\t class=\"qtmplayer-play qtmplayer-link-sec qtmplayer-play-btn\"><i class='material-icons'>play_arrow<\/i><\/span>\n\t\t<p>\n\t\t\t<span class=\"qtmplayer-tit\">Fi\u00e9is evang\u00e9licos e cat\u00f3licos rezam hoje \u00e0 favor da unidade da igreja nas celebra\u00e7\u00f5es dos 450 anos da cidade de Luanda<\/span>\n\t\t\t<span class=\"qtmplayer-art\">Ant\u00f3nio Augusto<\/span>\n\t\t<\/p>\n\t<\/li>\n\t\t<\/ul>\n\t<\/div>\t\t\t\n\t\n","protected":false},"excerpt":{"rendered":"<p>A Par\u00f3quia da Sagrada Fam\u00edlia acolhe hoje o culto de encerramento da semana de ora\u00e7\u00e3o pela unidade dos crist\u00e3os, que vai marcar a homenagem aos 450 anos da cidade de Luanda que hoje se assinalam. A semana de ora\u00e7\u00e3o pela unidade crist\u00e3 \u00e9 um per\u00edodo em que fi\u00e9is evang\u00e9licos e ...<\/p>\n","protected":false},"author":23,"featured_media":136581,"comment_status":"closed","ping_status":"closed","sticky":false,"template":"","format":"standard","meta":[],"categories":[141,133],"tags":[],"_links":{"self":[{"href":"https:\/\/rna.ao\/rna.ao\/wp-json\/wp\/v2\/posts\/205803"}],"collection":[{"href":"https:\/\/rna.ao\/rna.ao\/wp-json\/wp\/v2\/posts"}],"about":[{"href":"https:\/\/rna.ao\/rna.ao\/wp-json\/wp\/v2\/types\/post"}],"author":[{"embeddable":true,"href":"https:\/\/rna.ao\/rna.ao\/wp-json\/wp\/v2\/users\/23"}],"replies":[{"embeddable":true,"href":"https:\/\/rna.ao\/rna.ao\/wp-json\/wp\/v2\/comments?post=205803"}],"version-history":[{"count":1,"href":"https:\/\/rna.ao\/rna.ao\/wp-json\/wp\/v2\/posts\/205803\/revisions"}],"predecessor-version":[{"id":205806,"href":"https:\/\/rna.ao\/rna.ao\/wp-json\/wp\/v2\/posts\/205803\/revisions\/205806"}],"wp:featuredmedia":[{"embeddable":true,"href":"https:\/\/rna.ao\/rna.ao\/wp-json\/wp\/v2\/media\/136581"}],"wp:attachment":[{"href":"https:\/\/rna.ao\/rna.ao\/wp-json\/wp\/v2\/media?parent=205803"}],"wp:term":[{"taxonomy":"category","embeddable":true,"href":"https:\/\/rna.ao\/rna.ao\/wp-json\/wp\/v2\/categories?post=205803"},{"taxonomy":"post_tag","embeddable":true,"href":"https:\/\/rna.ao\/rna.ao\/wp-json\/wp\/v2\/tags?post=205803"}],"curies":[{"name":"wp","href":"https:\/\/api.w.org\/{rel}","templated":true}]}}