{"id":205793,"date":"2026-01-25T09:00:46","date_gmt":"2026-01-25T08:00:46","guid":{"rendered":"https:\/\/rna.ao\/rna.ao\/?p=205793"},"modified":"2026-01-25T09:00:46","modified_gmt":"2026-01-25T08:00:46","slug":"trump-acusa-democratas-de-incitarem-a-insurreicao-apos-morte-praticada-pela-policia-anti-imigracao","status":"publish","type":"post","link":"https:\/\/rna.ao\/rna.ao\/2026\/01\/25\/trump-acusa-democratas-de-incitarem-a-insurreicao-apos-morte-praticada-pela-policia-anti-imigracao\/","title":{"rendered":"Trump acusa democratas de incitarem \u00e0 insurrei\u00e7\u00e3o ap\u00f3s morte praticada pela pol\u00edcia anti-imigra\u00e7\u00e3o"},"content":{"rendered":"<p><img loading=\"lazy\" class=\"wp-image-83384 aligncenter\" src=\"https:\/\/rna.ao\/rna.ao\/wp-content\/uploads\/2022\/11\/trump-2-770x433.jpg\" alt=\"\" width=\"366\" height=\"206\" srcset=\"https:\/\/rna.ao\/rna.ao\/wp-content\/uploads\/2022\/11\/trump-2-770x433.jpg 770w, https:\/\/rna.ao\/rna.ao\/wp-content\/uploads\/2022\/11\/trump-2-768x432.jpg 768w, https:\/\/rna.ao\/rna.ao\/wp-content\/uploads\/2022\/11\/trump-2.jpg 976w\" sizes=\"(max-width: 366px) 100vw, 366px\" \/>O Presidente dos Estados Unidos, Donald Trump, acusa democratas de incitarem \u00e0 insurrei\u00e7\u00e3o, ap\u00f3s mais uma morte pela pol\u00edcia anti-imigra\u00e7\u00e3o.\u00a0Donald Trump, acusou o autarca da C\u00e2mara de Minneapolis e o Governador do Estado do Minnesota de incitar \u00e0 insurrei\u00e7\u00e3o, justificando a ac\u00e7\u00e3o dos agentes federais, que mataram um homem a tiro naquela cidade.<\/p>\n<p>Trump disse que o presidente da c\u00e2mara e o governador est\u00e3o a incitar \u00e0 insurrei\u00e7\u00e3o com a sua ret\u00f3rica pomposa, perigosa e arrogante.<\/p>\n<p>&nbsp;<\/p>\n","protected":false},"excerpt":{"rendered":"<p>O Presidente dos Estados Unidos, Donald Trump, acusa democratas de incitarem \u00e0 insurrei\u00e7\u00e3o, ap\u00f3s mais uma morte pela pol\u00edcia anti-imigra\u00e7\u00e3o.\u00a0Donald Trump, acusou o autarca da C\u00e2mara de Minneapolis e o Governador do Estado do Minnesota de incitar \u00e0 insurrei\u00e7\u00e3o, justificando a ac\u00e7\u00e3o dos agentes federais, que mataram um homem a ...<\/p>\n","protected":false},"author":23,"featured_media":83384,"comment_status":"closed","ping_status":"closed","sticky":false,"template":"","format":"standard","meta":[],"categories":[143,137],"tags":[],"_links":{"self":[{"href":"https:\/\/rna.ao\/rna.ao\/wp-json\/wp\/v2\/posts\/205793"}],"collection":[{"href":"https:\/\/rna.ao\/rna.ao\/wp-json\/wp\/v2\/posts"}],"about":[{"href":"https:\/\/rna.ao\/rna.ao\/wp-json\/wp\/v2\/types\/post"}],"author":[{"embeddable":true,"href":"https:\/\/rna.ao\/rna.ao\/wp-json\/wp\/v2\/users\/23"}],"replies":[{"embeddable":true,"href":"https:\/\/rna.ao\/rna.ao\/wp-json\/wp\/v2\/comments?post=205793"}],"version-history":[{"count":1,"href":"https:\/\/rna.ao\/rna.ao\/wp-json\/wp\/v2\/posts\/205793\/revisions"}],"predecessor-version":[{"id":205794,"href":"https:\/\/rna.ao\/rna.ao\/wp-json\/wp\/v2\/posts\/205793\/revisions\/205794"}],"wp:featuredmedia":[{"embeddable":true,"href":"https:\/\/rna.ao\/rna.ao\/wp-json\/wp\/v2\/media\/83384"}],"wp:attachment":[{"href":"https:\/\/rna.ao\/rna.ao\/wp-json\/wp\/v2\/media?parent=205793"}],"wp:term":[{"taxonomy":"category","embeddable":true,"href":"https:\/\/rna.ao\/rna.ao\/wp-json\/wp\/v2\/categories?post=205793"},{"taxonomy":"post_tag","embeddable":true,"href":"https:\/\/rna.ao\/rna.ao\/wp-json\/wp\/v2\/tags?post=205793"}],"curies":[{"name":"wp","href":"https:\/\/api.w.org\/{rel}","templated":true}]}}