{"id":205784,"date":"2026-01-25T08:48:26","date_gmt":"2026-01-25T07:48:26","guid":{"rendered":"https:\/\/rna.ao\/rna.ao\/?p=205784"},"modified":"2026-01-25T08:48:26","modified_gmt":"2026-01-25T07:48:26","slug":"programa-sabado-as-10-10-destaca-responsabilidade-das-instituicoes-publicas-privadas-e-religiosas-na-prevencao-e-no-combate-ao-abuso-sexual-de-menores","status":"publish","type":"post","link":"https:\/\/rna.ao\/rna.ao\/2026\/01\/25\/programa-sabado-as-10-10-destaca-responsabilidade-das-instituicoes-publicas-privadas-e-religiosas-na-prevencao-e-no-combate-ao-abuso-sexual-de-menores\/","title":{"rendered":"Programa S\u00e1bado \u00e0s 10 &#038; 10 destaca responsabilidade das institui\u00e7\u00f5es p\u00fablicas, privadas e religiosas na preven\u00e7\u00e3o e no combate ao abuso sexual de menores"},"content":{"rendered":"<p><img loading=\"lazy\" class=\"wp-image-124916 alignleft\" src=\"https:\/\/rna.ao\/rna.ao\/wp-content\/uploads\/2023\/12\/RNA-estudio-770x578.jpg\" alt=\"\" width=\"339\" height=\"254\" srcset=\"https:\/\/rna.ao\/rna.ao\/wp-content\/uploads\/2023\/12\/RNA-estudio-770x578.jpg 770w, https:\/\/rna.ao\/rna.ao\/wp-content\/uploads\/2023\/12\/RNA-estudio-1170x878.jpg 1170w, https:\/\/rna.ao\/rna.ao\/wp-content\/uploads\/2023\/12\/RNA-estudio-768x576.jpg 768w, https:\/\/rna.ao\/rna.ao\/wp-content\/uploads\/2023\/12\/RNA-estudio-1536x1152.jpg 1536w, https:\/\/rna.ao\/rna.ao\/wp-content\/uploads\/2023\/12\/RNA-estudio.jpg 2048w\" sizes=\"(max-width: 339px) 100vw, 339px\" \/>O papel das institui\u00e7\u00f5es no combate ao abuso sexual a menores foi o tema central do debate realizado hoje, no programa <em>S\u00e1bado \u00e0s 10 e 10<\/em>. Durante cerca de duas horas, especialistas ligados ao sector, l\u00edderes religiosos e outras sensibilidades da sociedade refletiram sobre um fen\u00f3meno que exige cada vez mais a aten\u00e7\u00e3o e o envolvimento de todos. Ou\u00e7a o desenvolvimento desta mat\u00e9ria na voz do jornalista Francisco Pedro:<\/p>\n\t<div class=\"qtmplayer-playlist-large\">\n\t\t<ul class=\"qtmplayer-playlist\">\n\t\t\t\n\t\t\t\t\t<li class=\"qtmplayer-trackitem\">\n\t\t<img src=\"https:\/\/rna.ao\/rna.ao\/wp-content\/uploads\/2021\/04\/abuso-sexual-de-menores-1-100x100.jpg\" alt=\"cover\">\t\t<span \t\t\tdata-qtmplayer-cover=\"https:\/\/rna.ao\/rna.ao\/wp-content\/uploads\/2021\/04\/abuso-sexual-de-menores-1.jpg\"\n\t\t\t\t\t\tdata-qtmplayer-file=\"https:\/\/rna.ao\/rna.ao\/wp-content\/uploads\/2026\/01\/FRANCISCO-PEDRO-13-HRS-1.mp3\"\n\t\t\t\t\t\tdata-qtmplayer-title=\"Programa S\u00e1bado \u00e0s 10 &#038; 10 destaca responsabilidade das institui\u00e7\u00f5es p\u00fablicas, privadas e religiosas na preven\u00e7\u00e3o e no combate ao abuso sexual de menores\"\n\t\t\t\t\t\tdata-qtmplayer-artist=\"Ant\u00f3nio Augusto\"\n\t\t\t\t\t\tdata-qtmplayer-link=\"https:\/\/rna.ao\/rna.ao\/2026\/01\/25\/programa-sabado-as-10-10-destaca-responsabilidade-das-instituicoes-publicas-privadas-e-religiosas-na-prevencao-e-no-combate-ao-abuso-sexual-de-menores\/\"\n\t\t\t\t\t\tdata-qtmplayer-icon=\"file_download\"\n\t\t\t\t\t\tdata-qtmplayer-type=\"track\"\n\t\t\t class=\"qtmplayer-play qtmplayer-link-sec qtmplayer-play-btn\"><i class='material-icons'>play_arrow<\/i><\/span>\n\t\t<p>\n\t\t\t<span class=\"qtmplayer-tit\">Programa S\u00e1bado \u00e0s 10 &#038; 10 destaca responsabilidade das institui\u00e7\u00f5es p\u00fablicas, privadas e religiosas na preven\u00e7\u00e3o e no combate ao abuso sexual de menores<\/span>\n\t\t\t<span class=\"qtmplayer-art\">Ant\u00f3nio Augusto<\/span>\n\t\t<\/p>\n\t<\/li>\n\t\t<\/ul>\n\t<\/div>\t\t\t\n\t\n<p>Dados apresentados durante o debate indicam que, entre 2020 e 2025, foram registados no pa\u00eds mais de quinze mil casos de agress\u00e3o sexual contra menores, um n\u00famero considerado preocupante pelos participantes.<\/p>\n","protected":false},"excerpt":{"rendered":"<p>O papel das institui\u00e7\u00f5es no combate ao abuso sexual a menores foi o tema central do debate realizado hoje, no programa S\u00e1bado \u00e0s 10 e 10. Durante cerca de duas horas, especialistas ligados ao sector, l\u00edderes religiosos e outras sensibilidades da sociedade refletiram sobre um fen\u00f3meno que exige cada vez ...<\/p>\n","protected":false},"author":23,"featured_media":21605,"comment_status":"closed","ping_status":"closed","sticky":false,"template":"","format":"standard","meta":[],"categories":[142,121,163],"tags":[],"_links":{"self":[{"href":"https:\/\/rna.ao\/rna.ao\/wp-json\/wp\/v2\/posts\/205784"}],"collection":[{"href":"https:\/\/rna.ao\/rna.ao\/wp-json\/wp\/v2\/posts"}],"about":[{"href":"https:\/\/rna.ao\/rna.ao\/wp-json\/wp\/v2\/types\/post"}],"author":[{"embeddable":true,"href":"https:\/\/rna.ao\/rna.ao\/wp-json\/wp\/v2\/users\/23"}],"replies":[{"embeddable":true,"href":"https:\/\/rna.ao\/rna.ao\/wp-json\/wp\/v2\/comments?post=205784"}],"version-history":[{"count":1,"href":"https:\/\/rna.ao\/rna.ao\/wp-json\/wp\/v2\/posts\/205784\/revisions"}],"predecessor-version":[{"id":205786,"href":"https:\/\/rna.ao\/rna.ao\/wp-json\/wp\/v2\/posts\/205784\/revisions\/205786"}],"wp:featuredmedia":[{"embeddable":true,"href":"https:\/\/rna.ao\/rna.ao\/wp-json\/wp\/v2\/media\/21605"}],"wp:attachment":[{"href":"https:\/\/rna.ao\/rna.ao\/wp-json\/wp\/v2\/media?parent=205784"}],"wp:term":[{"taxonomy":"category","embeddable":true,"href":"https:\/\/rna.ao\/rna.ao\/wp-json\/wp\/v2\/categories?post=205784"},{"taxonomy":"post_tag","embeddable":true,"href":"https:\/\/rna.ao\/rna.ao\/wp-json\/wp\/v2\/tags?post=205784"}],"curies":[{"name":"wp","href":"https:\/\/api.w.org\/{rel}","templated":true}]}}