{"id":205770,"date":"2026-01-25T08:27:13","date_gmt":"2026-01-25T07:27:13","guid":{"rendered":"https:\/\/rna.ao\/rna.ao\/?p=205770"},"modified":"2026-01-25T08:27:13","modified_gmt":"2026-01-25T07:27:13","slug":"hoje-tem-derbi-de-benguela-1o-de-maio-e-academica-do-lobito","status":"publish","type":"post","link":"https:\/\/rna.ao\/rna.ao\/2026\/01\/25\/hoje-tem-derbi-de-benguela-1o-de-maio-e-academica-do-lobito\/","title":{"rendered":"Hoje tem d\u00e9rbi de Benguela: 1\u00ba de Maio e Acad\u00e9mica do Lobito"},"content":{"rendered":"<p style=\"font-weight: 400;\"><img loading=\"lazy\" class=\"size-full wp-image-50914 aligncenter\" src=\"https:\/\/rna.ao\/rna.ao\/wp-content\/uploads\/2022\/02\/1o-de-maio-de-Benguela.png\" alt=\"\" width=\"231\" height=\"238\" \/>A cidade de Benguela, vai receber hoje, domingo, 25, no est\u00e1dio Municipal, o d\u00e9rbi entre as forma\u00e7\u00f5es do 1\u00ba de Maio de Benguela e Acad\u00e9mica do Lobito. A turma ferro portu\u00e1ria do Lobito tem a m\u00e1quina afinada\u00a0 segundo a voz da confirma\u00e7\u00e3o \u00e9 de S\u00e9rgio Traguil, t\u00e9cnico da Acad\u00e9mica.\u00a0Clique no \u00e1udio abaixo e ou\u00e7a:<\/p>\n\t<div class=\"qtmplayer-playlist-large\">\n\t\t<ul class=\"qtmplayer-playlist\">\n\t\t\t\n\t\t\t\t\t<li class=\"qtmplayer-trackitem\">\n\t\t<img src=\"https:\/\/rna.ao\/rna.ao\/wp-content\/uploads\/2023\/12\/Academica-doLobito-treino-1-100x100.jpg\" alt=\"cover\">\t\t<span \t\t\tdata-qtmplayer-cover=\"https:\/\/rna.ao\/rna.ao\/wp-content\/uploads\/2023\/12\/Academica-doLobito-treino-1.jpg\"\n\t\t\t\t\t\tdata-qtmplayer-file=\"https:\/\/rna.ao\/rna.ao\/wp-content\/uploads\/2026\/01\/3-SERGIO-TRAGUIL-23-01-26.mp3\"\n\t\t\t\t\t\tdata-qtmplayer-title=\"Hoje tem d\u00e9rbi de Benguela: 1\u00ba de Maio e Acad\u00e9mica do Lobito\"\n\t\t\t\t\t\tdata-qtmplayer-artist=\"Ant\u00f3nio Augusto\"\n\t\t\t\t\t\tdata-qtmplayer-link=\"https:\/\/rna.ao\/rna.ao\/2026\/01\/25\/hoje-tem-derbi-de-benguela-1o-de-maio-e-academica-do-lobito\/\"\n\t\t\t\t\t\tdata-qtmplayer-icon=\"file_download\"\n\t\t\t\t\t\tdata-qtmplayer-type=\"track\"\n\t\t\t class=\"qtmplayer-play qtmplayer-link-sec qtmplayer-play-btn\"><i class='material-icons'>play_arrow<\/i><\/span>\n\t\t<p>\n\t\t\t<span class=\"qtmplayer-tit\">Hoje tem d\u00e9rbi de Benguela: 1\u00ba de Maio e Acad\u00e9mica do Lobito<\/span>\n\t\t\t<span class=\"qtmplayer-art\">Ant\u00f3nio Augusto<\/span>\n\t\t<\/p>\n\t<\/li>\n\t\t<\/ul>\n\t<\/div>\t\t\t\n\t\n","protected":false},"excerpt":{"rendered":"<p>A cidade de Benguela, vai receber hoje, domingo, 25, no est\u00e1dio Municipal, o d\u00e9rbi entre as forma\u00e7\u00f5es do 1\u00ba de Maio de Benguela e Acad\u00e9mica do Lobito. A turma ferro portu\u00e1ria do Lobito tem a m\u00e1quina afinada\u00a0 segundo a voz da confirma\u00e7\u00e3o \u00e9 de S\u00e9rgio Traguil, t\u00e9cnico da Acad\u00e9mica.\u00a0Clique no ...<\/p>\n","protected":false},"author":23,"featured_media":124485,"comment_status":"closed","ping_status":"closed","sticky":false,"template":"","format":"standard","meta":[],"categories":[145,125,164],"tags":[],"_links":{"self":[{"href":"https:\/\/rna.ao\/rna.ao\/wp-json\/wp\/v2\/posts\/205770"}],"collection":[{"href":"https:\/\/rna.ao\/rna.ao\/wp-json\/wp\/v2\/posts"}],"about":[{"href":"https:\/\/rna.ao\/rna.ao\/wp-json\/wp\/v2\/types\/post"}],"author":[{"embeddable":true,"href":"https:\/\/rna.ao\/rna.ao\/wp-json\/wp\/v2\/users\/23"}],"replies":[{"embeddable":true,"href":"https:\/\/rna.ao\/rna.ao\/wp-json\/wp\/v2\/comments?post=205770"}],"version-history":[{"count":1,"href":"https:\/\/rna.ao\/rna.ao\/wp-json\/wp\/v2\/posts\/205770\/revisions"}],"predecessor-version":[{"id":205772,"href":"https:\/\/rna.ao\/rna.ao\/wp-json\/wp\/v2\/posts\/205770\/revisions\/205772"}],"wp:featuredmedia":[{"embeddable":true,"href":"https:\/\/rna.ao\/rna.ao\/wp-json\/wp\/v2\/media\/124485"}],"wp:attachment":[{"href":"https:\/\/rna.ao\/rna.ao\/wp-json\/wp\/v2\/media?parent=205770"}],"wp:term":[{"taxonomy":"category","embeddable":true,"href":"https:\/\/rna.ao\/rna.ao\/wp-json\/wp\/v2\/categories?post=205770"},{"taxonomy":"post_tag","embeddable":true,"href":"https:\/\/rna.ao\/rna.ao\/wp-json\/wp\/v2\/tags?post=205770"}],"curies":[{"name":"wp","href":"https:\/\/api.w.org\/{rel}","templated":true}]}}