{"id":205757,"date":"2026-01-25T08:07:46","date_gmt":"2026-01-25T07:07:46","guid":{"rendered":"https:\/\/rna.ao\/rna.ao\/?p=205757"},"modified":"2026-01-25T08:07:46","modified_gmt":"2026-01-25T07:07:46","slug":"petro-de-luanda-apto-para-o-confronto-na-liga-dos-clubes-campeoes-da-caf","status":"publish","type":"post","link":"https:\/\/rna.ao\/rna.ao\/2026\/01\/25\/petro-de-luanda-apto-para-o-confronto-na-liga-dos-clubes-campeoes-da-caf\/","title":{"rendered":"Petro de Luanda apto para o confronto na liga dos clubes campe\u00f5es da CAF"},"content":{"rendered":"<p style=\"font-weight: 400;\"><img loading=\"lazy\" class=\"alignnone size-full wp-image-205759\" src=\"https:\/\/rna.ao\/rna.ao\/wp-content\/uploads\/2026\/01\/Petro-de-Luanda.jpg\" alt=\"\" width=\"216\" height=\"288\" \/> <img loading=\"lazy\" class=\"alignnone size-medium wp-image-205760\" src=\"https:\/\/rna.ao\/rna.ao\/wp-content\/uploads\/2026\/01\/Petro-de-Luanda-FLAVIO-AMADO.jpg\" alt=\"\" width=\"216\" height=\"288\" \/><\/p>\n<p style=\"font-weight: 400;\">O Petro de Luanda j\u00e1 se encontra na Rp\u00fablica do Mali, para o desafio hoje, domingo, 25, frente ao Stade Malien, referente a 3\u00aa jornada do grupo-D. Fl\u00e1vio Amado, t\u00e9cnico principal do Petro de luanda, garante que a sua equipa est\u00e1 preparada para o jogo. Clique no \u00e1udio abaixo e ou\u00e7a:<\/p>\n\t<div class=\"qtmplayer-playlist-large\">\n\t\t<ul class=\"qtmplayer-playlist\">\n\t\t\t\n\t\t\t\t\t<li class=\"qtmplayer-trackitem\">\n\t\t<img src=\"https:\/\/rna.ao\/rna.ao\/wp-content\/uploads\/2026\/01\/Petro-de-Luanda-100x100.jpg\" alt=\"cover\">\t\t<span \t\t\tdata-qtmplayer-cover=\"https:\/\/rna.ao\/rna.ao\/wp-content\/uploads\/2026\/01\/Petro-de-Luanda.jpg\"\n\t\t\t\t\t\tdata-qtmplayer-file=\"https:\/\/rna.ao\/rna.ao\/wp-content\/uploads\/2026\/01\/1-FLAVIO-AMADO-24-01-26.mp3\"\n\t\t\t\t\t\tdata-qtmplayer-title=\"Petro de Luanda apto para o confronto na liga dos clubes campe\u00f5es da CAF\"\n\t\t\t\t\t\tdata-qtmplayer-artist=\"Ant\u00f3nio Augusto\"\n\t\t\t\t\t\tdata-qtmplayer-link=\"https:\/\/rna.ao\/rna.ao\/2026\/01\/25\/petro-de-luanda-apto-para-o-confronto-na-liga-dos-clubes-campeoes-da-caf\/\"\n\t\t\t\t\t\tdata-qtmplayer-icon=\"file_download\"\n\t\t\t\t\t\tdata-qtmplayer-type=\"track\"\n\t\t\t class=\"qtmplayer-play qtmplayer-link-sec qtmplayer-play-btn\"><i class='material-icons'>play_arrow<\/i><\/span>\n\t\t<p>\n\t\t\t<span class=\"qtmplayer-tit\">Petro de Luanda apto para o confronto na liga dos clubes campe\u00f5es da CAF<\/span>\n\t\t\t<span class=\"qtmplayer-art\">Ant\u00f3nio Augusto<\/span>\n\t\t<\/p>\n\t<\/li>\n\t\t<\/ul>\n\t<\/div>\t\t\t\n\t\n","protected":false},"excerpt":{"rendered":"<p>O Petro de Luanda j\u00e1 se encontra na Rp\u00fablica do Mali, para o desafio hoje, domingo, 25, frente ao Stade Malien, referente a 3\u00aa jornada do grupo-D. Fl\u00e1vio Amado, t\u00e9cnico principal do Petro de luanda, garante que a sua equipa est\u00e1 preparada para o jogo. Clique no \u00e1udio abaixo e ...<\/p>\n","protected":false},"author":23,"featured_media":205759,"comment_status":"closed","ping_status":"closed","sticky":false,"template":"","format":"standard","meta":[],"categories":[145,125,164],"tags":[],"_links":{"self":[{"href":"https:\/\/rna.ao\/rna.ao\/wp-json\/wp\/v2\/posts\/205757"}],"collection":[{"href":"https:\/\/rna.ao\/rna.ao\/wp-json\/wp\/v2\/posts"}],"about":[{"href":"https:\/\/rna.ao\/rna.ao\/wp-json\/wp\/v2\/types\/post"}],"author":[{"embeddable":true,"href":"https:\/\/rna.ao\/rna.ao\/wp-json\/wp\/v2\/users\/23"}],"replies":[{"embeddable":true,"href":"https:\/\/rna.ao\/rna.ao\/wp-json\/wp\/v2\/comments?post=205757"}],"version-history":[{"count":1,"href":"https:\/\/rna.ao\/rna.ao\/wp-json\/wp\/v2\/posts\/205757\/revisions"}],"predecessor-version":[{"id":205761,"href":"https:\/\/rna.ao\/rna.ao\/wp-json\/wp\/v2\/posts\/205757\/revisions\/205761"}],"wp:featuredmedia":[{"embeddable":true,"href":"https:\/\/rna.ao\/rna.ao\/wp-json\/wp\/v2\/media\/205759"}],"wp:attachment":[{"href":"https:\/\/rna.ao\/rna.ao\/wp-json\/wp\/v2\/media?parent=205757"}],"wp:term":[{"taxonomy":"category","embeddable":true,"href":"https:\/\/rna.ao\/rna.ao\/wp-json\/wp\/v2\/categories?post=205757"},{"taxonomy":"post_tag","embeddable":true,"href":"https:\/\/rna.ao\/rna.ao\/wp-json\/wp\/v2\/tags?post=205757"}],"curies":[{"name":"wp","href":"https:\/\/api.w.org\/{rel}","templated":true}]}}