{"id":205509,"date":"2026-01-23T09:13:28","date_gmt":"2026-01-23T08:13:28","guid":{"rendered":"https:\/\/rna.ao\/rna.ao\/?p=205509"},"modified":"2026-01-23T09:14:08","modified_gmt":"2026-01-23T08:14:08","slug":"proposta-de-lei-contra-informacoes-falsas-na-internet-continua-a-ser-amplamente-debatida-com-diferentes-abordagens-e-manifestacoes-de-posicoes-por-parte-dos-deputados","status":"publish","type":"post","link":"https:\/\/rna.ao\/rna.ao\/2026\/01\/23\/proposta-de-lei-contra-informacoes-falsas-na-internet-continua-a-ser-amplamente-debatida-com-diferentes-abordagens-e-manifestacoes-de-posicoes-por-parte-dos-deputados\/","title":{"rendered":"Proposta de lei contra informa\u00e7\u00f5es falsas na internet continua a ser amplamente debatida, com diferentes abordagens e manifesta\u00e7\u00f5es de posi\u00e7\u00f5es por parte dos deputados"},"content":{"rendered":"<p><img loading=\"lazy\" class=\"alignnone size-medium wp-image-205510\" src=\"https:\/\/rna.ao\/rna.ao\/wp-content\/uploads\/2026\/01\/IMG_4893-770x515.jpeg\" alt=\"\" width=\"770\" height=\"515\" srcset=\"https:\/\/rna.ao\/rna.ao\/wp-content\/uploads\/2026\/01\/IMG_4893-770x515.jpeg 770w, https:\/\/rna.ao\/rna.ao\/wp-content\/uploads\/2026\/01\/IMG_4893-1170x783.jpeg 1170w, https:\/\/rna.ao\/rna.ao\/wp-content\/uploads\/2026\/01\/IMG_4893-768x514.jpeg 768w, https:\/\/rna.ao\/rna.ao\/wp-content\/uploads\/2026\/01\/IMG_4893.jpeg 1440w\" sizes=\"(max-width: 770px) 100vw, 770px\" \/>A sexta Reuni\u00e3o Plen\u00e1ria Ordin\u00e1ria da Assembleia Nacional prossegue neste momento com a discuss\u00e3o, na generalidade, da proposta de lei sobre a ciberseguran\u00e7a, um diploma que visa refor\u00e7ar a prote\u00e7\u00e3o dos sistemas inform\u00e1ticos, das redes de comunica\u00e7\u00e3o e dos dados digitais no pa\u00eds.<\/p>\n<p>Ainda hoje, o Parlamento vai apreciar o relat\u00f3rio de execu\u00e7\u00e3o do Or\u00e7amento Geral do Estado referente ao terceiro trimestre de 2025, documento que apresenta o balan\u00e7o da arrecada\u00e7\u00e3o de receitas e da execu\u00e7\u00e3o das despesas p\u00fablicas durante o per\u00edodo em an\u00e1lise.<\/p>\n<p>Na sess\u00e3o de ontem, o ministro das Telecomunica\u00e7\u00f5es, Tecnologias de Informa\u00e7\u00e3o e Comunica\u00e7\u00e3o Social reafirmou que a proposta de lei contra a desinforma\u00e7\u00e3o na internet vai adotar um modelo assim\u00e9trico de responsabilidades.<\/p>\n<p>Segundo M\u00e1rio Oliveira, o diploma, aprovado na generalidade, incide sobre plataformas digitais de grande alcance, operadores com elevado poder de dissemina\u00e7\u00e3o e sistemas automatizados de difus\u00e3o de conte\u00fados. Clique no \u00e1udio e ou\u00e7a:<\/p>\n\t<div class=\"qtmplayer-playlist-large\">\n\t\t<ul class=\"qtmplayer-playlist\">\n\t\t\t\n\t\t\t\t\t<li class=\"qtmplayer-trackitem\">\n\t\t<img src=\"https:\/\/rna.ao\/rna.ao\/wp-content\/uploads\/2026\/01\/IMG_4894-100x100.jpeg\" alt=\"cover\">\t\t<span \t\t\tdata-qtmplayer-cover=\"https:\/\/rna.ao\/rna.ao\/wp-content\/uploads\/2026\/01\/IMG_4894-370x370.jpeg\"\n\t\t\t\t\t\tdata-qtmplayer-file=\"https:\/\/rna.ao\/rna.ao\/wp-content\/uploads\/2026\/01\/MARIO-OLIVEIRA-1-07-HRS.mp3\"\n\t\t\t\t\t\tdata-qtmplayer-title=\"Proposta de lei contra informa\u00e7\u00f5es falsas na internet continua a ser amplamente debatida, com diferentes abordagens e manifesta\u00e7\u00f5es de posi\u00e7\u00f5es por parte dos deputados\"\n\t\t\t\t\t\tdata-qtmplayer-artist=\"Juliana Nunes\"\n\t\t\t\t\t\tdata-qtmplayer-link=\"https:\/\/rna.ao\/rna.ao\/2026\/01\/23\/proposta-de-lei-contra-informacoes-falsas-na-internet-continua-a-ser-amplamente-debatida-com-diferentes-abordagens-e-manifestacoes-de-posicoes-por-parte-dos-deputados\/\"\n\t\t\t\t\t\tdata-qtmplayer-icon=\"file_download\"\n\t\t\t\t\t\tdata-qtmplayer-type=\"track\"\n\t\t\t class=\"qtmplayer-play qtmplayer-link-sec qtmplayer-play-btn\"><i class='material-icons'>play_arrow<\/i><\/span>\n\t\t<p>\n\t\t\t<span class=\"qtmplayer-tit\">Proposta de lei contra informa\u00e7\u00f5es falsas na internet continua a ser amplamente debatida, com diferentes abordagens e manifesta\u00e7\u00f5es de posi\u00e7\u00f5es por parte dos deputados<\/span>\n\t\t\t<span class=\"qtmplayer-art\">Juliana Nunes<\/span>\n\t\t<\/p>\n\t<\/li>\n\t\t<\/ul>\n\t<\/div>\t\t\t\n\t\n<p>M\u00e1rio Oliveira defendeu igualmente que o Estado angolano e as fam\u00edlias devem estar atentos ao elevado n\u00edvel de dissemina\u00e7\u00e3o de informa\u00e7\u00f5es falsas na internet.<\/p>\n<p>O governante sublinhou ainda que o fen\u00f3meno das fake news n\u00e3o se limita ao campo pol\u00edtico ou ao activismo, tendo impactos profundos, sobretudo, no plano social. Clique no \u00e1udio e ou\u00e7a:<\/p>\n\t<div class=\"qtmplayer-playlist-large\">\n\t\t<ul class=\"qtmplayer-playlist\">\n\t\t\t\n\t\t\t\t\t<li class=\"qtmplayer-trackitem\">\n\t\t<img src=\"https:\/\/rna.ao\/rna.ao\/wp-content\/uploads\/2026\/01\/IMG_4894-100x100.jpeg\" alt=\"cover\">\t\t<span \t\t\tdata-qtmplayer-cover=\"https:\/\/rna.ao\/rna.ao\/wp-content\/uploads\/2026\/01\/IMG_4894-370x370.jpeg\"\n\t\t\t\t\t\tdata-qtmplayer-file=\"https:\/\/rna.ao\/rna.ao\/wp-content\/uploads\/2026\/01\/MARIO-OLIVEIRA-2-07-HRS.mp3\"\n\t\t\t\t\t\tdata-qtmplayer-title=\"Proposta de lei contra informa\u00e7\u00f5es falsas na internet continua a ser amplamente debatida, com diferentes abordagens e manifesta\u00e7\u00f5es de posi\u00e7\u00f5es por parte dos deputados\"\n\t\t\t\t\t\tdata-qtmplayer-artist=\"Juliana Nunes\"\n\t\t\t\t\t\tdata-qtmplayer-link=\"https:\/\/rna.ao\/rna.ao\/2026\/01\/23\/proposta-de-lei-contra-informacoes-falsas-na-internet-continua-a-ser-amplamente-debatida-com-diferentes-abordagens-e-manifestacoes-de-posicoes-por-parte-dos-deputados\/\"\n\t\t\t\t\t\tdata-qtmplayer-icon=\"file_download\"\n\t\t\t\t\t\tdata-qtmplayer-type=\"track\"\n\t\t\t class=\"qtmplayer-play qtmplayer-link-sec qtmplayer-play-btn\"><i class='material-icons'>play_arrow<\/i><\/span>\n\t\t<p>\n\t\t\t<span class=\"qtmplayer-tit\">Proposta de lei contra informa\u00e7\u00f5es falsas na internet continua a ser amplamente debatida, com diferentes abordagens e manifesta\u00e7\u00f5es de posi\u00e7\u00f5es por parte dos deputados<\/span>\n\t\t\t<span class=\"qtmplayer-art\">Juliana Nunes<\/span>\n\t\t<\/p>\n\t<\/li>\n\t\t<\/ul>\n\t<\/div>\t\t\t\n\t\n","protected":false},"excerpt":{"rendered":"<p>A sexta Reuni\u00e3o Plen\u00e1ria Ordin\u00e1ria da Assembleia Nacional prossegue neste momento com a discuss\u00e3o, na generalidade, da proposta de lei sobre a ciberseguran\u00e7a, um diploma que visa refor\u00e7ar a prote\u00e7\u00e3o dos sistemas inform\u00e1ticos, das redes de comunica\u00e7\u00e3o e dos dados digitais no pa\u00eds. Ainda hoje, o Parlamento vai apreciar o ...<\/p>\n","protected":false},"author":16,"featured_media":205511,"comment_status":"closed","ping_status":"closed","sticky":false,"template":"","format":"standard","meta":[],"categories":[142,121,164,163,1],"tags":[],"_links":{"self":[{"href":"https:\/\/rna.ao\/rna.ao\/wp-json\/wp\/v2\/posts\/205509"}],"collection":[{"href":"https:\/\/rna.ao\/rna.ao\/wp-json\/wp\/v2\/posts"}],"about":[{"href":"https:\/\/rna.ao\/rna.ao\/wp-json\/wp\/v2\/types\/post"}],"author":[{"embeddable":true,"href":"https:\/\/rna.ao\/rna.ao\/wp-json\/wp\/v2\/users\/16"}],"replies":[{"embeddable":true,"href":"https:\/\/rna.ao\/rna.ao\/wp-json\/wp\/v2\/comments?post=205509"}],"version-history":[{"count":2,"href":"https:\/\/rna.ao\/rna.ao\/wp-json\/wp\/v2\/posts\/205509\/revisions"}],"predecessor-version":[{"id":205515,"href":"https:\/\/rna.ao\/rna.ao\/wp-json\/wp\/v2\/posts\/205509\/revisions\/205515"}],"wp:featuredmedia":[{"embeddable":true,"href":"https:\/\/rna.ao\/rna.ao\/wp-json\/wp\/v2\/media\/205511"}],"wp:attachment":[{"href":"https:\/\/rna.ao\/rna.ao\/wp-json\/wp\/v2\/media?parent=205509"}],"wp:term":[{"taxonomy":"category","embeddable":true,"href":"https:\/\/rna.ao\/rna.ao\/wp-json\/wp\/v2\/categories?post=205509"},{"taxonomy":"post_tag","embeddable":true,"href":"https:\/\/rna.ao\/rna.ao\/wp-json\/wp\/v2\/tags?post=205509"}],"curies":[{"name":"wp","href":"https:\/\/api.w.org\/{rel}","templated":true}]}}