{"id":205460,"date":"2026-01-22T13:10:56","date_gmt":"2026-01-22T12:10:56","guid":{"rendered":"https:\/\/rna.ao\/rna.ao\/?p=205460"},"modified":"2026-01-22T13:10:56","modified_gmt":"2026-01-22T12:10:56","slug":"idf-chama-operadores-da-madeira-para-apreciar-destino-da-madeira-mussive-que-se-encontra-nos-entrepostos-florestais-do-pais","status":"publish","type":"post","link":"https:\/\/rna.ao\/rna.ao\/2026\/01\/22\/idf-chama-operadores-da-madeira-para-apreciar-destino-da-madeira-mussive-que-se-encontra-nos-entrepostos-florestais-do-pais\/","title":{"rendered":"IDF chama operadores da madeira para apreciar destino da madeira mussive que se encontra nos entrepostos florestais do pa\u00eds"},"content":{"rendered":"<p><img loading=\"lazy\" class=\"wp-image-106938 alignleft\" src=\"https:\/\/rna.ao\/rna.ao\/wp-content\/uploads\/2023\/06\/Madeira-mussivi.jpg\" alt=\"\" width=\"356\" height=\"260\" \/>O Instituto de Desenvolvimento Florestal, \u201cIDF\u201dd\u00e1 conta em nota de imprensa que o governo angolano mant\u00e9m a suspens\u00e3o do corte, e a exporta\u00e7\u00e3o da madeira da esp\u00e9cie mussive. O Instituto sustenta que a medida, vem do cumprimento da legisla\u00e7\u00e3o em vigor. Ou\u00e7a o desenvolvimento desta mat\u00e9ria na voz do jornalista Lucas Justino:<\/p>\n\t<div class=\"qtmplayer-playlist-large\">\n\t\t<ul class=\"qtmplayer-playlist\">\n\t\t\t\n\t\t\t\t\t<li class=\"qtmplayer-trackitem\">\n\t\t<img src=\"https:\/\/rna.ao\/rna.ao\/wp-content\/uploads\/2023\/06\/Madeira-mussivi-100x100.jpg\" alt=\"cover\">\t\t<span \t\t\tdata-qtmplayer-cover=\"https:\/\/rna.ao\/rna.ao\/wp-content\/uploads\/2023\/06\/Madeira-mussivi.jpg\"\n\t\t\t\t\t\tdata-qtmplayer-file=\"https:\/\/rna.ao\/rna.ao\/wp-content\/uploads\/2026\/01\/LUCAS-JUSTINO-IDEF-13-HRS.mp3\"\n\t\t\t\t\t\tdata-qtmplayer-title=\"IDF chama operadores da madeira para apreciar destino da madeira mussive que se encontra nos entrepostos florestais do pa\u00eds\"\n\t\t\t\t\t\tdata-qtmplayer-artist=\"Ant\u00f3nio Augusto\"\n\t\t\t\t\t\tdata-qtmplayer-link=\"https:\/\/rna.ao\/rna.ao\/2026\/01\/22\/idf-chama-operadores-da-madeira-para-apreciar-destino-da-madeira-mussive-que-se-encontra-nos-entrepostos-florestais-do-pais\/\"\n\t\t\t\t\t\tdata-qtmplayer-icon=\"file_download\"\n\t\t\t\t\t\tdata-qtmplayer-type=\"track\"\n\t\t\t class=\"qtmplayer-play qtmplayer-link-sec qtmplayer-play-btn\"><i class='material-icons'>play_arrow<\/i><\/span>\n\t\t<p>\n\t\t\t<span class=\"qtmplayer-tit\">IDF chama operadores da madeira para apreciar destino da madeira mussive que se encontra nos entrepostos florestais do pa\u00eds<\/span>\n\t\t\t<span class=\"qtmplayer-art\">Ant\u00f3nio Augusto<\/span>\n\t\t<\/p>\n\t<\/li>\n\t\t<\/ul>\n\t<\/div>\t\t\t\n\t\n","protected":false},"excerpt":{"rendered":"<p>O Instituto de Desenvolvimento Florestal, \u201cIDF\u201dd\u00e1 conta em nota de imprensa que o governo angolano mant\u00e9m a suspens\u00e3o do corte, e a exporta\u00e7\u00e3o da madeira da esp\u00e9cie mussive. O Instituto sustenta que a medida, vem do cumprimento da legisla\u00e7\u00e3o em vigor. Ou\u00e7a o desenvolvimento desta mat\u00e9ria na voz do jornalista ...<\/p>\n","protected":false},"author":23,"featured_media":106938,"comment_status":"closed","ping_status":"closed","sticky":false,"template":"","format":"standard","meta":[],"categories":[141,133,163],"tags":[],"_links":{"self":[{"href":"https:\/\/rna.ao\/rna.ao\/wp-json\/wp\/v2\/posts\/205460"}],"collection":[{"href":"https:\/\/rna.ao\/rna.ao\/wp-json\/wp\/v2\/posts"}],"about":[{"href":"https:\/\/rna.ao\/rna.ao\/wp-json\/wp\/v2\/types\/post"}],"author":[{"embeddable":true,"href":"https:\/\/rna.ao\/rna.ao\/wp-json\/wp\/v2\/users\/23"}],"replies":[{"embeddable":true,"href":"https:\/\/rna.ao\/rna.ao\/wp-json\/wp\/v2\/comments?post=205460"}],"version-history":[{"count":1,"href":"https:\/\/rna.ao\/rna.ao\/wp-json\/wp\/v2\/posts\/205460\/revisions"}],"predecessor-version":[{"id":205462,"href":"https:\/\/rna.ao\/rna.ao\/wp-json\/wp\/v2\/posts\/205460\/revisions\/205462"}],"wp:featuredmedia":[{"embeddable":true,"href":"https:\/\/rna.ao\/rna.ao\/wp-json\/wp\/v2\/media\/106938"}],"wp:attachment":[{"href":"https:\/\/rna.ao\/rna.ao\/wp-json\/wp\/v2\/media?parent=205460"}],"wp:term":[{"taxonomy":"category","embeddable":true,"href":"https:\/\/rna.ao\/rna.ao\/wp-json\/wp\/v2\/categories?post=205460"},{"taxonomy":"post_tag","embeddable":true,"href":"https:\/\/rna.ao\/rna.ao\/wp-json\/wp\/v2\/tags?post=205460"}],"curies":[{"name":"wp","href":"https:\/\/api.w.org\/{rel}","templated":true}]}}