{"id":205456,"date":"2026-01-22T13:07:00","date_gmt":"2026-01-22T12:07:00","guid":{"rendered":"https:\/\/rna.ao\/rna.ao\/?p=205456"},"modified":"2026-01-22T13:07:00","modified_gmt":"2026-01-22T12:07:00","slug":"luanda-acolhe-amanha-conferencia-internacional-sobre-o-descomissionamento-de-infraestruturas-sustentaveis","status":"publish","type":"post","link":"https:\/\/rna.ao\/rna.ao\/2026\/01\/22\/luanda-acolhe-amanha-conferencia-internacional-sobre-o-descomissionamento-de-infraestruturas-sustentaveis\/","title":{"rendered":"Luanda acolhe amanh\u00e3 Confer\u00eancia Internacional sobre o  descomissionamento de infraestruturas sustent\u00e1veis"},"content":{"rendered":"<p><img loading=\"lazy\" class=\"wp-image-205458 alignleft\" src=\"https:\/\/rna.ao\/rna.ao\/wp-content\/uploads\/2026\/01\/Conferencia-Internacional-sobre-o-descomissionamento-de-infraestruturas-sustentaveis-AMBIENTE-770x497.jpg\" alt=\"\" width=\"375\" height=\"242\" srcset=\"https:\/\/rna.ao\/rna.ao\/wp-content\/uploads\/2026\/01\/Conferencia-Internacional-sobre-o-descomissionamento-de-infraestruturas-sustentaveis-AMBIENTE-770x497.jpg 770w, https:\/\/rna.ao\/rna.ao\/wp-content\/uploads\/2026\/01\/Conferencia-Internacional-sobre-o-descomissionamento-de-infraestruturas-sustentaveis-AMBIENTE-1170x755.jpg 1170w, https:\/\/rna.ao\/rna.ao\/wp-content\/uploads\/2026\/01\/Conferencia-Internacional-sobre-o-descomissionamento-de-infraestruturas-sustentaveis-AMBIENTE-768x496.jpg 768w, https:\/\/rna.ao\/rna.ao\/wp-content\/uploads\/2026\/01\/Conferencia-Internacional-sobre-o-descomissionamento-de-infraestruturas-sustentaveis-AMBIENTE-1536x992.jpg 1536w, https:\/\/rna.ao\/rna.ao\/wp-content\/uploads\/2026\/01\/Conferencia-Internacional-sobre-o-descomissionamento-de-infraestruturas-sustentaveis-AMBIENTE.jpg 2048w\" sizes=\"(max-width: 375px) 100vw, 375px\" \/>A capital do pa\u00eds &#8220;Luanda&#8221;, acolhe amanh\u00e3, sexta-feira, 23, a Confer\u00eancia Internacional sobre o <strong>descomissionamento<\/strong> de infraestruturas sustent\u00e1veis. Trata-se do\u00a0processo de desactiva\u00e7\u00e3o, desmantelamento e recupera\u00e7\u00e3o ambiental de instala\u00e7\u00f5es, equipamentos ou activos que chegaram ao fim de sua vida \u00fatil. A confer\u00eancia de Luanda, vai contar com a presen\u00e7a de especialistas nacionais e estrangeiros. Clique no \u00e1udio abaixo e saiba mais com o jornalista Martinho Chingue:<\/p>\n\t<div class=\"qtmplayer-playlist-large\">\n\t\t<ul class=\"qtmplayer-playlist\">\n\t\t\t\n\t\t\t\t\t<li class=\"qtmplayer-trackitem\">\n\t\t<img src=\"https:\/\/rna.ao\/rna.ao\/wp-content\/uploads\/2026\/01\/Conferencia-Internacional-sobre-o-descomissionamento-de-infraestruturas-sustentaveis-AMBIENTE-100x100.jpg\" alt=\"cover\">\t\t<span \t\t\tdata-qtmplayer-cover=\"https:\/\/rna.ao\/rna.ao\/wp-content\/uploads\/2026\/01\/Conferencia-Internacional-sobre-o-descomissionamento-de-infraestruturas-sustentaveis-AMBIENTE-370x370.jpg\"\n\t\t\t\t\t\tdata-qtmplayer-file=\"https:\/\/rna.ao\/rna.ao\/wp-content\/uploads\/2026\/01\/MARTINHO-CHINGUE-13HRS-1.mp3\"\n\t\t\t\t\t\tdata-qtmplayer-title=\"Luanda acolhe amanh\u00e3 Confer\u00eancia Internacional sobre o  descomissionamento de infraestruturas sustent\u00e1veis\"\n\t\t\t\t\t\tdata-qtmplayer-artist=\"Ant\u00f3nio Augusto\"\n\t\t\t\t\t\tdata-qtmplayer-link=\"https:\/\/rna.ao\/rna.ao\/2026\/01\/22\/luanda-acolhe-amanha-conferencia-internacional-sobre-o-descomissionamento-de-infraestruturas-sustentaveis\/\"\n\t\t\t\t\t\tdata-qtmplayer-icon=\"file_download\"\n\t\t\t\t\t\tdata-qtmplayer-type=\"track\"\n\t\t\t class=\"qtmplayer-play qtmplayer-link-sec qtmplayer-play-btn\"><i class='material-icons'>play_arrow<\/i><\/span>\n\t\t<p>\n\t\t\t<span class=\"qtmplayer-tit\">Luanda acolhe amanh\u00e3 Confer\u00eancia Internacional sobre o  descomissionamento de infraestruturas sustent\u00e1veis<\/span>\n\t\t\t<span class=\"qtmplayer-art\">Ant\u00f3nio Augusto<\/span>\n\t\t<\/p>\n\t<\/li>\n\t\t<\/ul>\n\t<\/div>\t\t\t\n\t\n","protected":false},"excerpt":{"rendered":"<p>A capital do pa\u00eds &#8220;Luanda&#8221;, acolhe amanh\u00e3, sexta-feira, 23, a Confer\u00eancia Internacional sobre o descomissionamento de infraestruturas sustent\u00e1veis. Trata-se do\u00a0processo de desactiva\u00e7\u00e3o, desmantelamento e recupera\u00e7\u00e3o ambiental de instala\u00e7\u00f5es, equipamentos ou activos que chegaram ao fim de sua vida \u00fatil. A confer\u00eancia de Luanda, vai contar com a presen\u00e7a de especialistas ...<\/p>\n","protected":false},"author":23,"featured_media":205458,"comment_status":"closed","ping_status":"closed","sticky":false,"template":"","format":"standard","meta":[],"categories":[121,163],"tags":[],"_links":{"self":[{"href":"https:\/\/rna.ao\/rna.ao\/wp-json\/wp\/v2\/posts\/205456"}],"collection":[{"href":"https:\/\/rna.ao\/rna.ao\/wp-json\/wp\/v2\/posts"}],"about":[{"href":"https:\/\/rna.ao\/rna.ao\/wp-json\/wp\/v2\/types\/post"}],"author":[{"embeddable":true,"href":"https:\/\/rna.ao\/rna.ao\/wp-json\/wp\/v2\/users\/23"}],"replies":[{"embeddable":true,"href":"https:\/\/rna.ao\/rna.ao\/wp-json\/wp\/v2\/comments?post=205456"}],"version-history":[{"count":1,"href":"https:\/\/rna.ao\/rna.ao\/wp-json\/wp\/v2\/posts\/205456\/revisions"}],"predecessor-version":[{"id":205459,"href":"https:\/\/rna.ao\/rna.ao\/wp-json\/wp\/v2\/posts\/205456\/revisions\/205459"}],"wp:featuredmedia":[{"embeddable":true,"href":"https:\/\/rna.ao\/rna.ao\/wp-json\/wp\/v2\/media\/205458"}],"wp:attachment":[{"href":"https:\/\/rna.ao\/rna.ao\/wp-json\/wp\/v2\/media?parent=205456"}],"wp:term":[{"taxonomy":"category","embeddable":true,"href":"https:\/\/rna.ao\/rna.ao\/wp-json\/wp\/v2\/categories?post=205456"},{"taxonomy":"post_tag","embeddable":true,"href":"https:\/\/rna.ao\/rna.ao\/wp-json\/wp\/v2\/tags?post=205456"}],"curies":[{"name":"wp","href":"https:\/\/api.w.org\/{rel}","templated":true}]}}