{"id":205452,"date":"2026-01-22T13:02:09","date_gmt":"2026-01-22T12:02:09","guid":{"rendered":"https:\/\/rna.ao\/rna.ao\/?p=205452"},"modified":"2026-01-22T13:02:09","modified_gmt":"2026-01-22T12:02:09","slug":"participantes-ao-debate-da-rna-defendem-regulamentacao-da-lei-contra-informacoes-falsas-na-internet","status":"publish","type":"post","link":"https:\/\/rna.ao\/rna.ao\/2026\/01\/22\/participantes-ao-debate-da-rna-defendem-regulamentacao-da-lei-contra-informacoes-falsas-na-internet\/","title":{"rendered":"Participantes ao debate da RNA defendem regulamenta\u00e7\u00e3o da lei contra informa\u00e7\u00f5es falsas na internet"},"content":{"rendered":"<p><img loading=\"lazy\" class=\"size-full wp-image-185033 alignleft\" src=\"https:\/\/rna.ao\/rna.ao\/wp-content\/uploads\/2025\/07\/RNA-estudio-radio.jpg\" alt=\"\" width=\"303\" height=\"227\" \/>O Minist\u00e9rio das Telecomunica\u00e7\u00f5es, Tecnologias de Informa\u00e7\u00e3o e Comunica\u00e7\u00e3o Social, considera que a proposta de lei contra informa\u00e7\u00f5es falsas visa criar um espa\u00e7o digital respons\u00e1vel. De acordo ainda com o diploma, a proposta de lei n\u00e3o incide somente sobre a actividade jornal\u00edstica como se pretende fazer crer. Clique no \u00e1udio abaixo e saiba mais com o jornalista Jo\u00e3o Manuel:<\/p>\n\t<div class=\"qtmplayer-playlist-large\">\n\t\t<ul class=\"qtmplayer-playlist\">\n\t\t\t\n\t\t\t\t\t<li class=\"qtmplayer-trackitem\">\n\t\t<img src=\"https:\/\/rna.ao\/rna.ao\/wp-content\/uploads\/2025\/04\/FAKE-NEWS-EM-ANGOLA-100x100.jpg\" alt=\"cover\">\t\t<span \t\t\tdata-qtmplayer-cover=\"https:\/\/rna.ao\/rna.ao\/wp-content\/uploads\/2025\/04\/FAKE-NEWS-EM-ANGOLA.jpg\"\n\t\t\t\t\t\tdata-qtmplayer-file=\"https:\/\/rna.ao\/rna.ao\/wp-content\/uploads\/2026\/01\/JOAO-MANUEL-13-HRS.mp3\"\n\t\t\t\t\t\tdata-qtmplayer-title=\"Participantes ao debate da RNA defendem regulamenta\u00e7\u00e3o da lei contra informa\u00e7\u00f5es falsas na internet\"\n\t\t\t\t\t\tdata-qtmplayer-artist=\"Ant\u00f3nio Augusto\"\n\t\t\t\t\t\tdata-qtmplayer-link=\"https:\/\/rna.ao\/rna.ao\/2026\/01\/22\/participantes-ao-debate-da-rna-defendem-regulamentacao-da-lei-contra-informacoes-falsas-na-internet\/\"\n\t\t\t\t\t\tdata-qtmplayer-icon=\"file_download\"\n\t\t\t\t\t\tdata-qtmplayer-type=\"track\"\n\t\t\t class=\"qtmplayer-play qtmplayer-link-sec qtmplayer-play-btn\"><i class='material-icons'>play_arrow<\/i><\/span>\n\t\t<p>\n\t\t\t<span class=\"qtmplayer-tit\">Participantes ao debate da RNA defendem regulamenta\u00e7\u00e3o da lei contra informa\u00e7\u00f5es falsas na internet<\/span>\n\t\t\t<span class=\"qtmplayer-art\">Ant\u00f3nio Augusto<\/span>\n\t\t<\/p>\n\t<\/li>\n\t\t<\/ul>\n\t<\/div>\t\t\t\n\t\n","protected":false},"excerpt":{"rendered":"<p>O Minist\u00e9rio das Telecomunica\u00e7\u00f5es, Tecnologias de Informa\u00e7\u00e3o e Comunica\u00e7\u00e3o Social, considera que a proposta de lei contra informa\u00e7\u00f5es falsas visa criar um espa\u00e7o digital respons\u00e1vel. De acordo ainda com o diploma, a proposta de lei n\u00e3o incide somente sobre a actividade jornal\u00edstica como se pretende fazer crer. Clique no \u00e1udio ...<\/p>\n","protected":false},"author":23,"featured_media":175706,"comment_status":"closed","ping_status":"closed","sticky":false,"template":"","format":"standard","meta":[],"categories":[142,121,163],"tags":[],"_links":{"self":[{"href":"https:\/\/rna.ao\/rna.ao\/wp-json\/wp\/v2\/posts\/205452"}],"collection":[{"href":"https:\/\/rna.ao\/rna.ao\/wp-json\/wp\/v2\/posts"}],"about":[{"href":"https:\/\/rna.ao\/rna.ao\/wp-json\/wp\/v2\/types\/post"}],"author":[{"embeddable":true,"href":"https:\/\/rna.ao\/rna.ao\/wp-json\/wp\/v2\/users\/23"}],"replies":[{"embeddable":true,"href":"https:\/\/rna.ao\/rna.ao\/wp-json\/wp\/v2\/comments?post=205452"}],"version-history":[{"count":2,"href":"https:\/\/rna.ao\/rna.ao\/wp-json\/wp\/v2\/posts\/205452\/revisions"}],"predecessor-version":[{"id":205455,"href":"https:\/\/rna.ao\/rna.ao\/wp-json\/wp\/v2\/posts\/205452\/revisions\/205455"}],"wp:featuredmedia":[{"embeddable":true,"href":"https:\/\/rna.ao\/rna.ao\/wp-json\/wp\/v2\/media\/175706"}],"wp:attachment":[{"href":"https:\/\/rna.ao\/rna.ao\/wp-json\/wp\/v2\/media?parent=205452"}],"wp:term":[{"taxonomy":"category","embeddable":true,"href":"https:\/\/rna.ao\/rna.ao\/wp-json\/wp\/v2\/categories?post=205452"},{"taxonomy":"post_tag","embeddable":true,"href":"https:\/\/rna.ao\/rna.ao\/wp-json\/wp\/v2\/tags?post=205452"}],"curies":[{"name":"wp","href":"https:\/\/api.w.org\/{rel}","templated":true}]}}