{"id":205434,"date":"2026-01-22T11:21:31","date_gmt":"2026-01-22T10:21:31","guid":{"rendered":"https:\/\/rna.ao\/rna.ao\/?p=205434"},"modified":"2026-01-22T11:21:31","modified_gmt":"2026-01-22T10:21:31","slug":"projecto-solar-um-representa-um-investimento-de-mais-de-quinhentos-milhoes-de-euros-vai-ser-entregue-este-ano-ao-governo","status":"publish","type":"post","link":"https:\/\/rna.ao\/rna.ao\/2026\/01\/22\/projecto-solar-um-representa-um-investimento-de-mais-de-quinhentos-milhoes-de-euros-vai-ser-entregue-este-ano-ao-governo\/","title":{"rendered":"Projecto Solar Um representa um investimento de mais de quinhentos milh\u00f5es de euros vai ser entregue este ano ao governo"},"content":{"rendered":"<p><img loading=\"lazy\" class=\"wp-image-205438 aligncenter\" src=\"https:\/\/rna.ao\/rna.ao\/wp-content\/uploads\/2026\/01\/Projecto-Solar-UmM.jpg\" alt=\"\" width=\"392\" height=\"261\" \/>O Estado angolano vai neste ano poder receber definitivamente o projecto \u201cSOLAR UM\u201d ligado a produ\u00e7\u00e3o de energia solar que tem parques nas prov\u00edncias de Benguela, Lunda-Norte e Huambo. Num investimento de mais de quinhentos milh\u00f5es de euros, o projecto j\u00e1 obsrervou os dois anos de garantia de funcionamento, e com sucesso. De acordo com o Director de Engenharia e Gest\u00e3o de Projectos da PRODEL, Jos\u00e9 Sales, os empreendimentos est\u00e3o a cem por cento funcional, da\u00ed a entrega definitivamente ao Estado angolano. Clique no \u00e1udio abaixo e ou\u00e7a:<\/p>\n\t<div class=\"qtmplayer-playlist-large\">\n\t\t<ul class=\"qtmplayer-playlist\">\n\t\t\t\n\t\t\t\t\t<li class=\"qtmplayer-trackitem\">\n\t\t<img src=\"https:\/\/rna.ao\/rna.ao\/wp-content\/uploads\/2026\/01\/Projecto-Solar-UmM-100x100.jpg\" alt=\"cover\">\t\t<span \t\t\tdata-qtmplayer-cover=\"https:\/\/rna.ao\/rna.ao\/wp-content\/uploads\/2026\/01\/Projecto-Solar-UmM-370x370.jpg\"\n\t\t\t\t\t\tdata-qtmplayer-file=\"https:\/\/rna.ao\/rna.ao\/wp-content\/uploads\/2026\/01\/JOSE-SALES-1-07-HRS.mp3\"\n\t\t\t\t\t\tdata-qtmplayer-title=\"Projecto Solar Um representa um investimento de mais de quinhentos milh\u00f5es de euros vai ser entregue este ano ao governo\"\n\t\t\t\t\t\tdata-qtmplayer-artist=\"Ant\u00f3nio Augusto\"\n\t\t\t\t\t\tdata-qtmplayer-link=\"https:\/\/rna.ao\/rna.ao\/2026\/01\/22\/projecto-solar-um-representa-um-investimento-de-mais-de-quinhentos-milhoes-de-euros-vai-ser-entregue-este-ano-ao-governo\/\"\n\t\t\t\t\t\tdata-qtmplayer-icon=\"file_download\"\n\t\t\t\t\t\tdata-qtmplayer-type=\"track\"\n\t\t\t class=\"qtmplayer-play qtmplayer-link-sec qtmplayer-play-btn\"><i class='material-icons'>play_arrow<\/i><\/span>\n\t\t<p>\n\t\t\t<span class=\"qtmplayer-tit\">Projecto Solar Um representa um investimento de mais de quinhentos milh\u00f5es de euros vai ser entregue este ano ao governo<\/span>\n\t\t\t<span class=\"qtmplayer-art\">Ant\u00f3nio Augusto<\/span>\n\t\t<\/p>\n\t<\/li>\n\t\t<\/ul>\n\t<\/div>\t\t\t\n\t\n<p>Por esta altura, est\u00e1 em implementa\u00e7\u00e3o em 60 comunas de seis prov\u00edncias do pa\u00eds, o projecto \u201csolar dois\u201d \u00a0que segundo Jos\u00e9 Sales, representa um investimento de 1.27 milh\u00f5es de euros. O Director de Engenharia e Gest\u00e3o de Projectos da PRODEL, diz que deste projecto h\u00e1 j\u00e1 um parque solar conclu\u00eddo, no caso no Cazombo, Moxico-Leste. Clique no \u00e1udio abaixo e ou\u00e7a:<\/p>\n\t<div class=\"qtmplayer-playlist-large\">\n\t\t<ul class=\"qtmplayer-playlist\">\n\t\t\t\n\t\t\t\t\t<li class=\"qtmplayer-trackitem\">\n\t\t<img src=\"https:\/\/rna.ao\/rna.ao\/wp-content\/uploads\/2026\/01\/Projecto-Solar-UmM-100x100.jpg\" alt=\"cover\">\t\t<span \t\t\tdata-qtmplayer-cover=\"https:\/\/rna.ao\/rna.ao\/wp-content\/uploads\/2026\/01\/Projecto-Solar-UmM-370x370.jpg\"\n\t\t\t\t\t\tdata-qtmplayer-file=\"https:\/\/rna.ao\/rna.ao\/wp-content\/uploads\/2026\/01\/JOSE-SALES-2-07-HRS.mp3\"\n\t\t\t\t\t\tdata-qtmplayer-title=\"Projecto Solar Um representa um investimento de mais de quinhentos milh\u00f5es de euros vai ser entregue este ano ao governo\"\n\t\t\t\t\t\tdata-qtmplayer-artist=\"Ant\u00f3nio Augusto\"\n\t\t\t\t\t\tdata-qtmplayer-link=\"https:\/\/rna.ao\/rna.ao\/2026\/01\/22\/projecto-solar-um-representa-um-investimento-de-mais-de-quinhentos-milhoes-de-euros-vai-ser-entregue-este-ano-ao-governo\/\"\n\t\t\t\t\t\tdata-qtmplayer-icon=\"file_download\"\n\t\t\t\t\t\tdata-qtmplayer-type=\"track\"\n\t\t\t class=\"qtmplayer-play qtmplayer-link-sec qtmplayer-play-btn\"><i class='material-icons'>play_arrow<\/i><\/span>\n\t\t<p>\n\t\t\t<span class=\"qtmplayer-tit\">Projecto Solar Um representa um investimento de mais de quinhentos milh\u00f5es de euros vai ser entregue este ano ao governo<\/span>\n\t\t\t<span class=\"qtmplayer-art\">Ant\u00f3nio Augusto<\/span>\n\t\t<\/p>\n\t<\/li>\n\t\t<\/ul>\n\t<\/div>\t\t\t\n\t\n","protected":false},"excerpt":{"rendered":"<p>O Estado angolano vai neste ano poder receber definitivamente o projecto \u201cSOLAR UM\u201d ligado a produ\u00e7\u00e3o de energia solar que tem parques nas prov\u00edncias de Benguela, Lunda-Norte e Huambo. Num investimento de mais de quinhentos milh\u00f5es de euros, o projecto j\u00e1 obsrervou os dois anos de garantia de funcionamento, e ...<\/p>\n","protected":false},"author":23,"featured_media":205438,"comment_status":"closed","ping_status":"closed","sticky":false,"template":"","format":"standard","meta":[],"categories":[142,121,163],"tags":[],"_links":{"self":[{"href":"https:\/\/rna.ao\/rna.ao\/wp-json\/wp\/v2\/posts\/205434"}],"collection":[{"href":"https:\/\/rna.ao\/rna.ao\/wp-json\/wp\/v2\/posts"}],"about":[{"href":"https:\/\/rna.ao\/rna.ao\/wp-json\/wp\/v2\/types\/post"}],"author":[{"embeddable":true,"href":"https:\/\/rna.ao\/rna.ao\/wp-json\/wp\/v2\/users\/23"}],"replies":[{"embeddable":true,"href":"https:\/\/rna.ao\/rna.ao\/wp-json\/wp\/v2\/comments?post=205434"}],"version-history":[{"count":1,"href":"https:\/\/rna.ao\/rna.ao\/wp-json\/wp\/v2\/posts\/205434\/revisions"}],"predecessor-version":[{"id":205439,"href":"https:\/\/rna.ao\/rna.ao\/wp-json\/wp\/v2\/posts\/205434\/revisions\/205439"}],"wp:featuredmedia":[{"embeddable":true,"href":"https:\/\/rna.ao\/rna.ao\/wp-json\/wp\/v2\/media\/205438"}],"wp:attachment":[{"href":"https:\/\/rna.ao\/rna.ao\/wp-json\/wp\/v2\/media?parent=205434"}],"wp:term":[{"taxonomy":"category","embeddable":true,"href":"https:\/\/rna.ao\/rna.ao\/wp-json\/wp\/v2\/categories?post=205434"},{"taxonomy":"post_tag","embeddable":true,"href":"https:\/\/rna.ao\/rna.ao\/wp-json\/wp\/v2\/tags?post=205434"}],"curies":[{"name":"wp","href":"https:\/\/api.w.org\/{rel}","templated":true}]}}