{"id":205431,"date":"2026-01-22T11:04:34","date_gmt":"2026-01-22T10:04:34","guid":{"rendered":"https:\/\/rna.ao\/rna.ao\/?p=205431"},"modified":"2026-01-22T11:04:34","modified_gmt":"2026-01-22T10:04:34","slug":"direccao-provincial-de-aguas-do-namibe-projecta-construcao-de-seis-furos-de-captacao-do-precioso-liquido","status":"publish","type":"post","link":"https:\/\/rna.ao\/rna.ao\/2026\/01\/22\/direccao-provincial-de-aguas-do-namibe-projecta-construcao-de-seis-furos-de-captacao-do-precioso-liquido\/","title":{"rendered":"Direc\u00e7\u00e3o Provincial de \u00c1guas do Namibe projecta constru\u00e7\u00e3o de seis furos de capta\u00e7\u00e3o do precioso l\u00edquido"},"content":{"rendered":"<p><img loading=\"lazy\" class=\"wp-image-169217 aligncenter\" src=\"https:\/\/rna.ao\/rna.ao\/wp-content\/uploads\/2025\/02\/aguaa-770x433.jpg\" alt=\"\" width=\"366\" height=\"206\" srcset=\"https:\/\/rna.ao\/rna.ao\/wp-content\/uploads\/2025\/02\/aguaa-770x433.jpg 770w, https:\/\/rna.ao\/rna.ao\/wp-content\/uploads\/2025\/02\/aguaa-768x432.jpg 768w, https:\/\/rna.ao\/rna.ao\/wp-content\/uploads\/2025\/02\/aguaa.jpg 980w\" sizes=\"(max-width: 366px) 100vw, 366px\" \/>Mais de cento e trinta mil habitantes dos munic\u00edpios do Saco Mar e Mo\u00e7\u00e2medes, v\u00e3o ter \u00e1gua pot\u00e1vel at\u00e9 maio de 2028. Para o efeito, come\u00e7am a ser constru\u00eddos este ano seis furos de capta\u00e7\u00e3o financiados pelo Banco Europeu de Desenvolvimento, em mais de 19 milh\u00f5es de USD.O projecto, foi apresentado ontem, quarta-feira(21), ao governo provincial pela dire\u00e7\u00e3o nacional das \u00e1guas. Clique no \u00e1udio abaixo e saiba mais com o jornalista Barnab\u00e9 Cipriano:<\/p>\n\t<div class=\"qtmplayer-playlist-large\">\n\t\t<ul class=\"qtmplayer-playlist\">\n\t\t\t\n\t\t\t\t\t<li class=\"qtmplayer-trackitem\">\n\t\t<img src=\"https:\/\/rna.ao\/rna.ao\/wp-content\/uploads\/2024\/02\/falta-de-agua-100x100.jpg\" alt=\"cover\">\t\t<span \t\t\tdata-qtmplayer-cover=\"https:\/\/rna.ao\/rna.ao\/wp-content\/uploads\/2024\/02\/falta-de-agua.jpg\"\n\t\t\t\t\t\tdata-qtmplayer-file=\"https:\/\/rna.ao\/rna.ao\/wp-content\/uploads\/2026\/01\/NAMIBE-AGUA-20HRS.mp3\"\n\t\t\t\t\t\tdata-qtmplayer-title=\"Direc\u00e7\u00e3o Provincial de \u00c1guas do Namibe projecta constru\u00e7\u00e3o de seis furos de capta\u00e7\u00e3o do precioso l\u00edquido\"\n\t\t\t\t\t\tdata-qtmplayer-artist=\"Ant\u00f3nio Augusto\"\n\t\t\t\t\t\tdata-qtmplayer-link=\"https:\/\/rna.ao\/rna.ao\/2026\/01\/22\/direccao-provincial-de-aguas-do-namibe-projecta-construcao-de-seis-furos-de-captacao-do-precioso-liquido\/\"\n\t\t\t\t\t\tdata-qtmplayer-icon=\"file_download\"\n\t\t\t\t\t\tdata-qtmplayer-type=\"track\"\n\t\t\t class=\"qtmplayer-play qtmplayer-link-sec qtmplayer-play-btn\"><i class='material-icons'>play_arrow<\/i><\/span>\n\t\t<p>\n\t\t\t<span class=\"qtmplayer-tit\">Direc\u00e7\u00e3o Provincial de \u00c1guas do Namibe projecta constru\u00e7\u00e3o de seis furos de capta\u00e7\u00e3o do precioso l\u00edquido<\/span>\n\t\t\t<span class=\"qtmplayer-art\">Ant\u00f3nio Augusto<\/span>\n\t\t<\/p>\n\t<\/li>\n\t\t<\/ul>\n\t<\/div>\t\t\t\n\t\n","protected":false},"excerpt":{"rendered":"<p>Mais de cento e trinta mil habitantes dos munic\u00edpios do Saco Mar e Mo\u00e7\u00e2medes, v\u00e3o ter \u00e1gua pot\u00e1vel at\u00e9 maio de 2028. Para o efeito, come\u00e7am a ser constru\u00eddos este ano seis furos de capta\u00e7\u00e3o financiados pelo Banco Europeu de Desenvolvimento, em mais de 19 milh\u00f5es de USD.O projecto, foi ...<\/p>\n","protected":false},"author":23,"featured_media":133002,"comment_status":"closed","ping_status":"closed","sticky":false,"template":"","format":"standard","meta":[],"categories":[142,121,163],"tags":[],"_links":{"self":[{"href":"https:\/\/rna.ao\/rna.ao\/wp-json\/wp\/v2\/posts\/205431"}],"collection":[{"href":"https:\/\/rna.ao\/rna.ao\/wp-json\/wp\/v2\/posts"}],"about":[{"href":"https:\/\/rna.ao\/rna.ao\/wp-json\/wp\/v2\/types\/post"}],"author":[{"embeddable":true,"href":"https:\/\/rna.ao\/rna.ao\/wp-json\/wp\/v2\/users\/23"}],"replies":[{"embeddable":true,"href":"https:\/\/rna.ao\/rna.ao\/wp-json\/wp\/v2\/comments?post=205431"}],"version-history":[{"count":1,"href":"https:\/\/rna.ao\/rna.ao\/wp-json\/wp\/v2\/posts\/205431\/revisions"}],"predecessor-version":[{"id":205433,"href":"https:\/\/rna.ao\/rna.ao\/wp-json\/wp\/v2\/posts\/205431\/revisions\/205433"}],"wp:featuredmedia":[{"embeddable":true,"href":"https:\/\/rna.ao\/rna.ao\/wp-json\/wp\/v2\/media\/133002"}],"wp:attachment":[{"href":"https:\/\/rna.ao\/rna.ao\/wp-json\/wp\/v2\/media?parent=205431"}],"wp:term":[{"taxonomy":"category","embeddable":true,"href":"https:\/\/rna.ao\/rna.ao\/wp-json\/wp\/v2\/categories?post=205431"},{"taxonomy":"post_tag","embeddable":true,"href":"https:\/\/rna.ao\/rna.ao\/wp-json\/wp\/v2\/tags?post=205431"}],"curies":[{"name":"wp","href":"https:\/\/api.w.org\/{rel}","templated":true}]}}