{"id":205428,"date":"2026-01-22T10:57:47","date_gmt":"2026-01-22T09:57:47","guid":{"rendered":"https:\/\/rna.ao\/rna.ao\/?p=205428"},"modified":"2026-01-22T10:57:47","modified_gmt":"2026-01-22T09:57:47","slug":"cabinda-conta-com-115-grupos-carnavalescos-inscritos-para-o-carnaval-deste-ano","status":"publish","type":"post","link":"https:\/\/rna.ao\/rna.ao\/2026\/01\/22\/cabinda-conta-com-115-grupos-carnavalescos-inscritos-para-o-carnaval-deste-ano\/","title":{"rendered":"Cabinda conta com 115 grupos carnavalescos inscritos para o carnaval deste ano"},"content":{"rendered":"<p><img loading=\"lazy\" class=\"size-full wp-image-131847 aligncenter\" src=\"https:\/\/rna.ao\/rna.ao\/wp-content\/uploads\/2024\/02\/carnaval-grupo-pioneiro-Zeca.jpg\" alt=\"\" width=\"372\" height=\"192\" srcset=\"https:\/\/rna.ao\/rna.ao\/wp-content\/uploads\/2024\/02\/carnaval-grupo-pioneiro-Zeca.jpg 372w, https:\/\/rna.ao\/rna.ao\/wp-content\/uploads\/2024\/02\/carnaval-grupo-pioneiro-Zeca-370x192.jpg 370w\" sizes=\"(max-width: 372px) 100vw, 372px\" \/>A maior manifesta\u00e7\u00e3o cultural, j\u00e1 movimenta os grupos carnavalescos na Prov\u00edncia de Cabinda. Para edi\u00e7\u00e3o 2025, 115 grupos est\u00e3o inscritos para a festa do entrudo. A Comiss\u00e3o Organizadora apela aos empres\u00e1rios a patrocinarem os grupos carnavalescos locais. Clique no \u00e1udio abaixo e saiba mais com o jornalista Mateus Pinto:<\/p>\n\t<div class=\"qtmplayer-playlist-large\">\n\t\t<ul class=\"qtmplayer-playlist\">\n\t\t\t\n\t\t\t\t\t<li class=\"qtmplayer-trackitem\">\n\t\t<img src=\"https:\/\/rna.ao\/rna.ao\/wp-content\/uploads\/2024\/02\/CUANZA-NORTE-CARNAVAL-100x100.jpg\" alt=\"cover\">\t\t<span \t\t\tdata-qtmplayer-cover=\"https:\/\/rna.ao\/rna.ao\/wp-content\/uploads\/2024\/02\/CUANZA-NORTE-CARNAVAL.jpg\"\n\t\t\t\t\t\tdata-qtmplayer-file=\"https:\/\/rna.ao\/rna.ao\/wp-content\/uploads\/2026\/01\/CABINDA-CARNAVAL-EMISSAO.mp3\"\n\t\t\t\t\t\tdata-qtmplayer-title=\"Cabinda conta com 115 grupos carnavalescos inscritos para o carnaval deste ano\"\n\t\t\t\t\t\tdata-qtmplayer-artist=\"Ant\u00f3nio Augusto\"\n\t\t\t\t\t\tdata-qtmplayer-link=\"https:\/\/rna.ao\/rna.ao\/2026\/01\/22\/cabinda-conta-com-115-grupos-carnavalescos-inscritos-para-o-carnaval-deste-ano\/\"\n\t\t\t\t\t\tdata-qtmplayer-icon=\"file_download\"\n\t\t\t\t\t\tdata-qtmplayer-type=\"track\"\n\t\t\t class=\"qtmplayer-play qtmplayer-link-sec qtmplayer-play-btn\"><i class='material-icons'>play_arrow<\/i><\/span>\n\t\t<p>\n\t\t\t<span class=\"qtmplayer-tit\">Cabinda conta com 115 grupos carnavalescos inscritos para o carnaval deste ano<\/span>\n\t\t\t<span class=\"qtmplayer-art\">Ant\u00f3nio Augusto<\/span>\n\t\t<\/p>\n\t<\/li>\n\t\t<\/ul>\n\t<\/div>\t\t\t\n\t\n","protected":false},"excerpt":{"rendered":"<p>A maior manifesta\u00e7\u00e3o cultural, j\u00e1 movimenta os grupos carnavalescos na Prov\u00edncia de Cabinda. Para edi\u00e7\u00e3o 2025, 115 grupos est\u00e3o inscritos para a festa do entrudo. A Comiss\u00e3o Organizadora apela aos empres\u00e1rios a patrocinarem os grupos carnavalescos locais. Clique no \u00e1udio abaixo e saiba mais com o jornalista Mateus Pinto:<\/p>\n","protected":false},"author":23,"featured_media":131624,"comment_status":"closed","ping_status":"closed","sticky":false,"template":"","format":"standard","meta":[],"categories":[142,121,163],"tags":[],"_links":{"self":[{"href":"https:\/\/rna.ao\/rna.ao\/wp-json\/wp\/v2\/posts\/205428"}],"collection":[{"href":"https:\/\/rna.ao\/rna.ao\/wp-json\/wp\/v2\/posts"}],"about":[{"href":"https:\/\/rna.ao\/rna.ao\/wp-json\/wp\/v2\/types\/post"}],"author":[{"embeddable":true,"href":"https:\/\/rna.ao\/rna.ao\/wp-json\/wp\/v2\/users\/23"}],"replies":[{"embeddable":true,"href":"https:\/\/rna.ao\/rna.ao\/wp-json\/wp\/v2\/comments?post=205428"}],"version-history":[{"count":1,"href":"https:\/\/rna.ao\/rna.ao\/wp-json\/wp\/v2\/posts\/205428\/revisions"}],"predecessor-version":[{"id":205430,"href":"https:\/\/rna.ao\/rna.ao\/wp-json\/wp\/v2\/posts\/205428\/revisions\/205430"}],"wp:featuredmedia":[{"embeddable":true,"href":"https:\/\/rna.ao\/rna.ao\/wp-json\/wp\/v2\/media\/131624"}],"wp:attachment":[{"href":"https:\/\/rna.ao\/rna.ao\/wp-json\/wp\/v2\/media?parent=205428"}],"wp:term":[{"taxonomy":"category","embeddable":true,"href":"https:\/\/rna.ao\/rna.ao\/wp-json\/wp\/v2\/categories?post=205428"},{"taxonomy":"post_tag","embeddable":true,"href":"https:\/\/rna.ao\/rna.ao\/wp-json\/wp\/v2\/tags?post=205428"}],"curies":[{"name":"wp","href":"https:\/\/api.w.org\/{rel}","templated":true}]}}