{"id":205416,"date":"2026-01-22T10:34:12","date_gmt":"2026-01-22T09:34:12","guid":{"rendered":"https:\/\/rna.ao\/rna.ao\/?p=205416"},"modified":"2026-01-22T10:34:12","modified_gmt":"2026-01-22T09:34:12","slug":"seis-pastores-suspensos-por-exercicio-ilegal-de-actividades-no-cunene","status":"publish","type":"post","link":"https:\/\/rna.ao\/rna.ao\/2026\/01\/22\/seis-pastores-suspensos-por-exercicio-ilegal-de-actividades-no-cunene\/","title":{"rendered":"Seis pastores suspensos por exerc\u00edcio ilegal de actividades no Cunene"},"content":{"rendered":"<p><img loading=\"lazy\" class=\"wp-image-203180 aligncenter\" src=\"https:\/\/rna.ao\/rna.ao\/wp-content\/uploads\/2026\/01\/igreja.jpg\" alt=\"\" width=\"394\" height=\"252\" \/>As autoridades locais na Prov\u00edncia do Cunene, suspenderam seis pastores por exerc\u00edcio ilegal de actividades religiosas. Os casos foram registados no Munic\u00edpio da Ombadja onde, quatro deles est\u00e3o a responder criminalmente. Clique no \u00e1udio abaixo e saiba mais com o jornalista Leo Adriano:<\/p>\n\t<div class=\"qtmplayer-playlist-large\">\n\t\t<ul class=\"qtmplayer-playlist\">\n\t\t\t\n\t\t\t\t\t<li class=\"qtmplayer-trackitem\">\n\t\t<img src=\"https:\/\/rna.ao\/rna.ao\/wp-content\/uploads\/2026\/01\/igreja-100x100.jpg\" alt=\"cover\">\t\t<span \t\t\tdata-qtmplayer-cover=\"https:\/\/rna.ao\/rna.ao\/wp-content\/uploads\/2026\/01\/igreja-370x370.jpg\"\n\t\t\t\t\t\tdata-qtmplayer-file=\"https:\/\/rna.ao\/rna.ao\/wp-content\/uploads\/2026\/01\/CUNENE-IGREJA-20HRS.mp3\"\n\t\t\t\t\t\tdata-qtmplayer-title=\"Seis pastores suspensos por exerc\u00edcio ilegal de actividades no Cunene\"\n\t\t\t\t\t\tdata-qtmplayer-artist=\"Ant\u00f3nio Augusto\"\n\t\t\t\t\t\tdata-qtmplayer-link=\"https:\/\/rna.ao\/rna.ao\/2026\/01\/22\/seis-pastores-suspensos-por-exercicio-ilegal-de-actividades-no-cunene\/\"\n\t\t\t\t\t\tdata-qtmplayer-icon=\"file_download\"\n\t\t\t\t\t\tdata-qtmplayer-type=\"track\"\n\t\t\t class=\"qtmplayer-play qtmplayer-link-sec qtmplayer-play-btn\"><i class='material-icons'>play_arrow<\/i><\/span>\n\t\t<p>\n\t\t\t<span class=\"qtmplayer-tit\">Seis pastores suspensos por exerc\u00edcio ilegal de actividades no Cunene<\/span>\n\t\t\t<span class=\"qtmplayer-art\">Ant\u00f3nio Augusto<\/span>\n\t\t<\/p>\n\t<\/li>\n\t\t<\/ul>\n\t<\/div>\t\t\t\n\t\n","protected":false},"excerpt":{"rendered":"<p>As autoridades locais na Prov\u00edncia do Cunene, suspenderam seis pastores por exerc\u00edcio ilegal de actividades religiosas. Os casos foram registados no Munic\u00edpio da Ombadja onde, quatro deles est\u00e3o a responder criminalmente. Clique no \u00e1udio abaixo e saiba mais com o jornalista Leo Adriano:<\/p>\n","protected":false},"author":23,"featured_media":203180,"comment_status":"closed","ping_status":"closed","sticky":false,"template":"","format":"standard","meta":[],"categories":[142,121,163],"tags":[],"_links":{"self":[{"href":"https:\/\/rna.ao\/rna.ao\/wp-json\/wp\/v2\/posts\/205416"}],"collection":[{"href":"https:\/\/rna.ao\/rna.ao\/wp-json\/wp\/v2\/posts"}],"about":[{"href":"https:\/\/rna.ao\/rna.ao\/wp-json\/wp\/v2\/types\/post"}],"author":[{"embeddable":true,"href":"https:\/\/rna.ao\/rna.ao\/wp-json\/wp\/v2\/users\/23"}],"replies":[{"embeddable":true,"href":"https:\/\/rna.ao\/rna.ao\/wp-json\/wp\/v2\/comments?post=205416"}],"version-history":[{"count":1,"href":"https:\/\/rna.ao\/rna.ao\/wp-json\/wp\/v2\/posts\/205416\/revisions"}],"predecessor-version":[{"id":205419,"href":"https:\/\/rna.ao\/rna.ao\/wp-json\/wp\/v2\/posts\/205416\/revisions\/205419"}],"wp:featuredmedia":[{"embeddable":true,"href":"https:\/\/rna.ao\/rna.ao\/wp-json\/wp\/v2\/media\/203180"}],"wp:attachment":[{"href":"https:\/\/rna.ao\/rna.ao\/wp-json\/wp\/v2\/media?parent=205416"}],"wp:term":[{"taxonomy":"category","embeddable":true,"href":"https:\/\/rna.ao\/rna.ao\/wp-json\/wp\/v2\/categories?post=205416"},{"taxonomy":"post_tag","embeddable":true,"href":"https:\/\/rna.ao\/rna.ao\/wp-json\/wp\/v2\/tags?post=205416"}],"curies":[{"name":"wp","href":"https:\/\/api.w.org\/{rel}","templated":true}]}}