{"id":205402,"date":"2026-01-22T10:00:53","date_gmt":"2026-01-22T09:00:53","guid":{"rendered":"https:\/\/rna.ao\/rna.ao\/?p=205402"},"modified":"2026-01-22T10:01:19","modified_gmt":"2026-01-22T09:01:19","slug":"ajea-vai-formar-mais-de-20-mil-jovens-em-empreendedorismo-este-2026","status":"publish","type":"post","link":"https:\/\/rna.ao\/rna.ao\/2026\/01\/22\/ajea-vai-formar-mais-de-20-mil-jovens-em-empreendedorismo-este-2026\/","title":{"rendered":"AJEA vai formar mais de 20 mil jovens em empreendedorismo este 2026"},"content":{"rendered":"<p><img loading=\"lazy\" class=\"wp-image-205404 alignleft\" src=\"https:\/\/rna.ao\/rna.ao\/wp-content\/uploads\/2026\/01\/jovens-empreendedores-angolaa.jpg\" alt=\"\" width=\"284\" height=\"213\" \/>A forma\u00e7\u00e3o de jovens empreendedores \u00e9 um dos 14 eixos principais definidos pela Associa\u00e7\u00e3o de Jovens Empreendedores de Angola, AJEA, para o ano 2026, com prop\u00f3sito de estimular o autoemprego e massificar a empregabilidade a n\u00edvel nacional. A confirma\u00e7\u00e3o \u00e9 do presidente da AJEA, Alfredo Nguli Cangonga que prev\u00ea para 2026, formar mais de 20 mil jovens. Alfredo Nguli Cangonga promete tamb\u00e9m trabalhar com as institui\u00e7\u00f5es banc\u00e1rias para facilitar e bonificar o cr\u00e9dito a juventude com iniciativa empreendedora.\u00a0Clique no \u00e1udio abaixo e ou\u00e7a:<\/p>\n\t<div class=\"qtmplayer-playlist-large\">\n\t\t<ul class=\"qtmplayer-playlist\">\n\t\t\t\n\t\t\t\t\t<li class=\"qtmplayer-trackitem\">\n\t\t<img src=\"https:\/\/rna.ao\/rna.ao\/wp-content\/uploads\/2026\/01\/jovens-empreendedores-angola-100x100.jpg\" alt=\"cover\">\t\t<span \t\t\tdata-qtmplayer-cover=\"https:\/\/rna.ao\/rna.ao\/wp-content\/uploads\/2026\/01\/jovens-empreendedores-angola-370x370.jpg\"\n\t\t\t\t\t\tdata-qtmplayer-file=\"https:\/\/rna.ao\/rna.ao\/wp-content\/uploads\/2026\/01\/ALFREDO-NGULI-22HRS.mp3\"\n\t\t\t\t\t\tdata-qtmplayer-title=\"AJEA vai formar mais de 20 mil jovens em empreendedorismo este 2026\"\n\t\t\t\t\t\tdata-qtmplayer-artist=\"Ant\u00f3nio Augusto\"\n\t\t\t\t\t\tdata-qtmplayer-link=\"https:\/\/rna.ao\/rna.ao\/2026\/01\/22\/ajea-vai-formar-mais-de-20-mil-jovens-em-empreendedorismo-este-2026\/\"\n\t\t\t\t\t\tdata-qtmplayer-icon=\"file_download\"\n\t\t\t\t\t\tdata-qtmplayer-type=\"track\"\n\t\t\t class=\"qtmplayer-play qtmplayer-link-sec qtmplayer-play-btn\"><i class='material-icons'>play_arrow<\/i><\/span>\n\t\t<p>\n\t\t\t<span class=\"qtmplayer-tit\">AJEA vai formar mais de 20 mil jovens em empreendedorismo este 2026<\/span>\n\t\t\t<span class=\"qtmplayer-art\">Ant\u00f3nio Augusto<\/span>\n\t\t<\/p>\n\t<\/li>\n\t\t<\/ul>\n\t<\/div>\t\t\t\n\t\n<p>&nbsp;<\/p>\n","protected":false},"excerpt":{"rendered":"<p>A forma\u00e7\u00e3o de jovens empreendedores \u00e9 um dos 14 eixos principais definidos pela Associa\u00e7\u00e3o de Jovens Empreendedores de Angola, AJEA, para o ano 2026, com prop\u00f3sito de estimular o autoemprego e massificar a empregabilidade a n\u00edvel nacional. A confirma\u00e7\u00e3o \u00e9 do presidente da AJEA, Alfredo Nguli Cangonga que prev\u00ea para ...<\/p>\n","protected":false},"author":23,"featured_media":205405,"comment_status":"closed","ping_status":"closed","sticky":false,"template":"","format":"standard","meta":[],"categories":[141,133],"tags":[],"_links":{"self":[{"href":"https:\/\/rna.ao\/rna.ao\/wp-json\/wp\/v2\/posts\/205402"}],"collection":[{"href":"https:\/\/rna.ao\/rna.ao\/wp-json\/wp\/v2\/posts"}],"about":[{"href":"https:\/\/rna.ao\/rna.ao\/wp-json\/wp\/v2\/types\/post"}],"author":[{"embeddable":true,"href":"https:\/\/rna.ao\/rna.ao\/wp-json\/wp\/v2\/users\/23"}],"replies":[{"embeddable":true,"href":"https:\/\/rna.ao\/rna.ao\/wp-json\/wp\/v2\/comments?post=205402"}],"version-history":[{"count":1,"href":"https:\/\/rna.ao\/rna.ao\/wp-json\/wp\/v2\/posts\/205402\/revisions"}],"predecessor-version":[{"id":205406,"href":"https:\/\/rna.ao\/rna.ao\/wp-json\/wp\/v2\/posts\/205402\/revisions\/205406"}],"wp:featuredmedia":[{"embeddable":true,"href":"https:\/\/rna.ao\/rna.ao\/wp-json\/wp\/v2\/media\/205405"}],"wp:attachment":[{"href":"https:\/\/rna.ao\/rna.ao\/wp-json\/wp\/v2\/media?parent=205402"}],"wp:term":[{"taxonomy":"category","embeddable":true,"href":"https:\/\/rna.ao\/rna.ao\/wp-json\/wp\/v2\/categories?post=205402"},{"taxonomy":"post_tag","embeddable":true,"href":"https:\/\/rna.ao\/rna.ao\/wp-json\/wp\/v2\/tags?post=205402"}],"curies":[{"name":"wp","href":"https:\/\/api.w.org\/{rel}","templated":true}]}}