{"id":205380,"date":"2026-01-22T09:13:07","date_gmt":"2026-01-22T08:13:07","guid":{"rendered":"https:\/\/rna.ao\/rna.ao\/?p=205380"},"modified":"2026-01-22T09:13:07","modified_gmt":"2026-01-22T08:13:07","slug":"servicos-penitenciarios-no-icolo-e-bengo-conta-com-um-novo-director-geral-trata-se-do-comissario-armindo-moniz","status":"publish","type":"post","link":"https:\/\/rna.ao\/rna.ao\/2026\/01\/22\/servicos-penitenciarios-no-icolo-e-bengo-conta-com-um-novo-director-geral-trata-se-do-comissario-armindo-moniz\/","title":{"rendered":"Servi\u00e7os Penitenci\u00e1rios no Icolo e Bengo conta com um novo  Director Geral. Trata-se do Comissario Armindo Moniz"},"content":{"rendered":"<p><img loading=\"lazy\" class=\"alignnone  wp-image-205384\" src=\"https:\/\/rna.ao\/rna.ao\/wp-content\/uploads\/2026\/01\/Servicos-Penitenciarios-770x488.jpg\" alt=\"\" width=\"336\" height=\"213\" srcset=\"https:\/\/rna.ao\/rna.ao\/wp-content\/uploads\/2026\/01\/Servicos-Penitenciarios-770x488.jpg 770w, https:\/\/rna.ao\/rna.ao\/wp-content\/uploads\/2026\/01\/Servicos-Penitenciarios-1170x742.jpg 1170w, https:\/\/rna.ao\/rna.ao\/wp-content\/uploads\/2026\/01\/Servicos-Penitenciarios-768x487.jpg 768w, https:\/\/rna.ao\/rna.ao\/wp-content\/uploads\/2026\/01\/Servicos-Penitenciarios-1536x974.jpg 1536w, https:\/\/rna.ao\/rna.ao\/wp-content\/uploads\/2026\/01\/Servicos-Penitenciarios.jpg 2048w\" sizes=\"(max-width: 336px) 100vw, 336px\" \/> <img loading=\"lazy\" class=\"alignnone  wp-image-205385\" src=\"https:\/\/rna.ao\/rna.ao\/wp-content\/uploads\/2026\/01\/Servicos-Penitenciarioss-770x464.jpg\" alt=\"\" width=\"355\" height=\"214\" srcset=\"https:\/\/rna.ao\/rna.ao\/wp-content\/uploads\/2026\/01\/Servicos-Penitenciarioss-770x464.jpg 770w, https:\/\/rna.ao\/rna.ao\/wp-content\/uploads\/2026\/01\/Servicos-Penitenciarioss-1170x704.jpg 1170w, https:\/\/rna.ao\/rna.ao\/wp-content\/uploads\/2026\/01\/Servicos-Penitenciarioss-768x462.jpg 768w, https:\/\/rna.ao\/rna.ao\/wp-content\/uploads\/2026\/01\/Servicos-Penitenciarioss-1536x925.jpg 1536w, https:\/\/rna.ao\/rna.ao\/wp-content\/uploads\/2026\/01\/Servicos-Penitenciarioss.jpg 2048w\" sizes=\"(max-width: 355px) 100vw, 355px\" \/><\/p>\n<p>O Novo Director Geral dos Servi\u00e7os Penitenci\u00e1rios na Prov\u00edncia do Bengo entende que os reclusos das unidades prisionais na regi\u00e3o, devem ser bem conduzidos a ressocializa\u00e7\u00e3o, para um dia voltarem a sua vida social, com uma conduta diferente. Armindo Moniz, disse tamb\u00e9m, que os reclusos devem ser bem capacitados profissionalmente para conseguirem abra\u00e7ar, os desafios que lhes esperam atrav\u00e9s da forma\u00e7\u00e3o profissional.\u00a0Clique no \u00e1udio abaixo e saiba mais com o jornalista Eduardo Mota:<\/p>\n\t<div class=\"qtmplayer-playlist-large\">\n\t\t<ul class=\"qtmplayer-playlist\">\n\t\t\t\n\t\t\t\t\t<li class=\"qtmplayer-trackitem\">\n\t\t<img src=\"https:\/\/rna.ao\/rna.ao\/wp-content\/uploads\/2026\/01\/Servicos-Penitenciarios-100x100.jpg\" alt=\"cover\">\t\t<span \t\t\tdata-qtmplayer-cover=\"https:\/\/rna.ao\/rna.ao\/wp-content\/uploads\/2026\/01\/Servicos-Penitenciarios-370x370.jpg\"\n\t\t\t\t\t\tdata-qtmplayer-file=\"https:\/\/rna.ao\/rna.ao\/wp-content\/uploads\/2026\/01\/BENGO-SERVICOS-PENETENCIARIOS-EMISSAO.mp3\"\n\t\t\t\t\t\tdata-qtmplayer-title=\"Servi\u00e7os Penitenci\u00e1rios no Icolo e Bengo conta com um novo  Director Geral. Trata-se do Comissario Armindo Moniz\"\n\t\t\t\t\t\tdata-qtmplayer-artist=\"Ant\u00f3nio Augusto\"\n\t\t\t\t\t\tdata-qtmplayer-link=\"https:\/\/rna.ao\/rna.ao\/2026\/01\/22\/servicos-penitenciarios-no-icolo-e-bengo-conta-com-um-novo-director-geral-trata-se-do-comissario-armindo-moniz\/\"\n\t\t\t\t\t\tdata-qtmplayer-icon=\"file_download\"\n\t\t\t\t\t\tdata-qtmplayer-type=\"track\"\n\t\t\t class=\"qtmplayer-play qtmplayer-link-sec qtmplayer-play-btn\"><i class='material-icons'>play_arrow<\/i><\/span>\n\t\t<p>\n\t\t\t<span class=\"qtmplayer-tit\">Servi\u00e7os Penitenci\u00e1rios no Icolo e Bengo conta com um novo  Director Geral. Trata-se do Comissario Armindo Moniz<\/span>\n\t\t\t<span class=\"qtmplayer-art\">Ant\u00f3nio Augusto<\/span>\n\t\t<\/p>\n\t<\/li>\n\t\t<\/ul>\n\t<\/div>\t\t\t\n\t\n<p>&nbsp;<\/p>\n","protected":false},"excerpt":{"rendered":"<p>O Novo Director Geral dos Servi\u00e7os Penitenci\u00e1rios na Prov\u00edncia do Bengo entende que os reclusos das unidades prisionais na regi\u00e3o, devem ser bem conduzidos a ressocializa\u00e7\u00e3o, para um dia voltarem a sua vida social, com uma conduta diferente. Armindo Moniz, disse tamb\u00e9m, que os reclusos devem ser bem capacitados profissionalmente ...<\/p>\n","protected":false},"author":23,"featured_media":205384,"comment_status":"closed","ping_status":"closed","sticky":false,"template":"","format":"standard","meta":[],"categories":[142,121,163],"tags":[],"_links":{"self":[{"href":"https:\/\/rna.ao\/rna.ao\/wp-json\/wp\/v2\/posts\/205380"}],"collection":[{"href":"https:\/\/rna.ao\/rna.ao\/wp-json\/wp\/v2\/posts"}],"about":[{"href":"https:\/\/rna.ao\/rna.ao\/wp-json\/wp\/v2\/types\/post"}],"author":[{"embeddable":true,"href":"https:\/\/rna.ao\/rna.ao\/wp-json\/wp\/v2\/users\/23"}],"replies":[{"embeddable":true,"href":"https:\/\/rna.ao\/rna.ao\/wp-json\/wp\/v2\/comments?post=205380"}],"version-history":[{"count":1,"href":"https:\/\/rna.ao\/rna.ao\/wp-json\/wp\/v2\/posts\/205380\/revisions"}],"predecessor-version":[{"id":205387,"href":"https:\/\/rna.ao\/rna.ao\/wp-json\/wp\/v2\/posts\/205380\/revisions\/205387"}],"wp:featuredmedia":[{"embeddable":true,"href":"https:\/\/rna.ao\/rna.ao\/wp-json\/wp\/v2\/media\/205384"}],"wp:attachment":[{"href":"https:\/\/rna.ao\/rna.ao\/wp-json\/wp\/v2\/media?parent=205380"}],"wp:term":[{"taxonomy":"category","embeddable":true,"href":"https:\/\/rna.ao\/rna.ao\/wp-json\/wp\/v2\/categories?post=205380"},{"taxonomy":"post_tag","embeddable":true,"href":"https:\/\/rna.ao\/rna.ao\/wp-json\/wp\/v2\/tags?post=205380"}],"curies":[{"name":"wp","href":"https:\/\/api.w.org\/{rel}","templated":true}]}}