{"id":205278,"date":"2026-01-21T10:35:08","date_gmt":"2026-01-21T09:35:08","guid":{"rendered":"https:\/\/rna.ao\/rna.ao\/?p=205278"},"modified":"2026-01-21T10:35:08","modified_gmt":"2026-01-21T09:35:08","slug":"forca-aerea-nacional-assinala-50-anos-de-existencia","status":"publish","type":"post","link":"https:\/\/rna.ao\/rna.ao\/2026\/01\/21\/forca-aerea-nacional-assinala-50-anos-de-existencia\/","title":{"rendered":"For\u00e7a A\u00e9rea Nacional assinala 50 anos de exist\u00eancia"},"content":{"rendered":"<p><img loading=\"lazy\" class=\"alignnone size-full wp-image-13917\" src=\"https:\/\/rna.ao\/rna.ao\/wp-content\/uploads\/2020\/12\/Tropas-em-Marcha-FAA.jpg\" alt=\"\" width=\"400\" height=\"240\" \/><\/p>\n<p>A For\u00e7a A\u00e9rea Nacional completa hoje, 21 de janeiro, 50 anos desde a sua funda\u00e7\u00e3o.<\/p>\n<p>Por ocasi\u00e3o da data, o Ministro da Defesa Nacional, Antigos Combatentes e Veteranos da P\u00e1tria, Jo\u00e3o Ernesto dos Santos \u201cLiberdade\u201d, endere\u00e7o uma mensagem de felicita\u00e7\u00e3o aquele ramo das For\u00e7as Armadas Angolanas.<\/p>\n<p>Na mensagem, Jo\u00e3o Ernesto dos Santos \u201cLiberdade\u201d que a For\u00e7a A\u00e9rea Nacional tem demostrado estar \u00e0 altura da defesa e salvaguarda do espa\u00e7o a\u00e9reo nacional.<\/p>\n<p>Entretanto, o Tenente-General, Eug\u00eanio Carlos Bambi, Conselheiro do Comante da For\u00e7a A\u00e9rea Nacional, considera que o ramo tem quadros e meios que se equiparam a maior parte das for\u00e7as a\u00e9reas do mundo.\u00a0 Clique no \u00e1udio abaixo e ou\u00e7a:<\/p>\n\t<div class=\"qtmplayer-playlist-large\">\n\t\t<ul class=\"qtmplayer-playlist\">\n\t\t\t\n\t\t\t\t\t<li class=\"qtmplayer-trackitem\">\n\t\t<img src=\"https:\/\/rna.ao\/rna.ao\/wp-content\/uploads\/2020\/12\/Tropas-em-Marcha-FAA-100x100.jpg\" alt=\"cover\">\t\t<span \t\t\tdata-qtmplayer-cover=\"https:\/\/rna.ao\/rna.ao\/wp-content\/uploads\/2020\/12\/Tropas-em-Marcha-FAA.jpg\"\n\t\t\t\t\t\tdata-qtmplayer-file=\"https:\/\/rna.ao\/rna.ao\/wp-content\/uploads\/2026\/01\/EUGENIO-CARLOS-BAMBI-06HRS.mp3\"\n\t\t\t\t\t\tdata-qtmplayer-title=\"For\u00e7a A\u00e9rea Nacional assinala 50 anos de exist\u00eancia\"\n\t\t\t\t\t\tdata-qtmplayer-artist=\"Carla Quipungo\"\n\t\t\t\t\t\tdata-qtmplayer-link=\"https:\/\/rna.ao\/rna.ao\/2026\/01\/21\/forca-aerea-nacional-assinala-50-anos-de-existencia\/\"\n\t\t\t\t\t\tdata-qtmplayer-icon=\"file_download\"\n\t\t\t\t\t\tdata-qtmplayer-type=\"track\"\n\t\t\t class=\"qtmplayer-play qtmplayer-link-sec qtmplayer-play-btn\"><i class='material-icons'>play_arrow<\/i><\/span>\n\t\t<p>\n\t\t\t<span class=\"qtmplayer-tit\">For\u00e7a A\u00e9rea Nacional assinala 50 anos de exist\u00eancia<\/span>\n\t\t\t<span class=\"qtmplayer-art\">Carla Quipungo<\/span>\n\t\t<\/p>\n\t<\/li>\n\t\t<\/ul>\n\t<\/div>\t\t\t\n\t\n","protected":false},"excerpt":{"rendered":"<p>A For\u00e7a A\u00e9rea Nacional completa hoje, 21 de janeiro, 50 anos desde a sua funda\u00e7\u00e3o. Por ocasi\u00e3o da data, o Ministro da Defesa Nacional, Antigos Combatentes e Veteranos da P\u00e1tria, Jo\u00e3o Ernesto dos Santos \u201cLiberdade\u201d, endere\u00e7o uma mensagem de felicita\u00e7\u00e3o aquele ramo das For\u00e7as Armadas Angolanas. Na mensagem, Jo\u00e3o Ernesto ...<\/p>\n","protected":false},"author":9,"featured_media":13917,"comment_status":"closed","ping_status":"closed","sticky":false,"template":"","format":"standard","meta":[],"categories":[142,121,163],"tags":[],"_links":{"self":[{"href":"https:\/\/rna.ao\/rna.ao\/wp-json\/wp\/v2\/posts\/205278"}],"collection":[{"href":"https:\/\/rna.ao\/rna.ao\/wp-json\/wp\/v2\/posts"}],"about":[{"href":"https:\/\/rna.ao\/rna.ao\/wp-json\/wp\/v2\/types\/post"}],"author":[{"embeddable":true,"href":"https:\/\/rna.ao\/rna.ao\/wp-json\/wp\/v2\/users\/9"}],"replies":[{"embeddable":true,"href":"https:\/\/rna.ao\/rna.ao\/wp-json\/wp\/v2\/comments?post=205278"}],"version-history":[{"count":2,"href":"https:\/\/rna.ao\/rna.ao\/wp-json\/wp\/v2\/posts\/205278\/revisions"}],"predecessor-version":[{"id":205284,"href":"https:\/\/rna.ao\/rna.ao\/wp-json\/wp\/v2\/posts\/205278\/revisions\/205284"}],"wp:featuredmedia":[{"embeddable":true,"href":"https:\/\/rna.ao\/rna.ao\/wp-json\/wp\/v2\/media\/13917"}],"wp:attachment":[{"href":"https:\/\/rna.ao\/rna.ao\/wp-json\/wp\/v2\/media?parent=205278"}],"wp:term":[{"taxonomy":"category","embeddable":true,"href":"https:\/\/rna.ao\/rna.ao\/wp-json\/wp\/v2\/categories?post=205278"},{"taxonomy":"post_tag","embeddable":true,"href":"https:\/\/rna.ao\/rna.ao\/wp-json\/wp\/v2\/tags?post=205278"}],"curies":[{"name":"wp","href":"https:\/\/api.w.org\/{rel}","templated":true}]}}