{"id":205081,"date":"2026-01-19T14:02:32","date_gmt":"2026-01-19T13:02:32","guid":{"rendered":"https:\/\/rna.ao\/rna.ao\/?p=205081"},"modified":"2026-01-19T14:02:32","modified_gmt":"2026-01-19T13:02:32","slug":"eleicoes-presidenciais-em-portugal-seguem-para-segunda-volta-marcada-para-8-de-fevereiro","status":"publish","type":"post","link":"https:\/\/rna.ao\/rna.ao\/2026\/01\/19\/eleicoes-presidenciais-em-portugal-seguem-para-segunda-volta-marcada-para-8-de-fevereiro\/","title":{"rendered":"Elei\u00e7\u00f5es presidenciais em Portugal seguem para segunda volta marcada para 8 de Fevereiro"},"content":{"rendered":"<p><img loading=\"lazy\" class=\"size-medium wp-image-205078\" src=\"https:\/\/rna.ao\/rna.ao\/wp-content\/uploads\/2026\/01\/IMG_8734-770x470.jpeg\" alt=\"\" width=\"770\" height=\"470\" srcset=\"https:\/\/rna.ao\/rna.ao\/wp-content\/uploads\/2026\/01\/IMG_8734-770x470.jpeg 770w, https:\/\/rna.ao\/rna.ao\/wp-content\/uploads\/2026\/01\/IMG_8734-768x468.jpeg 768w, https:\/\/rna.ao\/rna.ao\/wp-content\/uploads\/2026\/01\/IMG_8734.jpeg 946w\" sizes=\"(max-width: 770px) 100vw, 770px\" \/><\/p>\n<p>As elei\u00e7\u00f5es presidenciais em Portugal, realizadas este domingo, resultaram numa segunda volta, agendada para o pr\u00f3ximo 8 de Fevereiro, depois de nenhum dos candidatos ter alcan\u00e7ado a maioria absoluta na primeira vota\u00e7\u00e3o.O sufr\u00e1gio deixou patente uma forte divis\u00e3o do eleitorado portugu\u00eas, com o confronto pol\u00edtico a centrar-se entre for\u00e7as de orienta\u00e7\u00e3o socialista e a extrema-direita, cen\u00e1rio que marca de forma decisiva a disputa pela sucess\u00e3o do actual Presidente da Rep\u00fablica, Marcelo Rebelo de Sousa. Jornalista Edson Santos. Clique no audio abaixo e ou\u00e7a .<\/p>\n\t<div class=\"qtmplayer-playlist-large\">\n\t\t<ul class=\"qtmplayer-playlist\">\n\t\t\t\n\t\t\t\t\t<li class=\"qtmplayer-trackitem\">\n\t\t<img src=\"https:\/\/rna.ao\/rna.ao\/wp-content\/uploads\/2026\/01\/IMG_8733-100x100.jpeg\" alt=\"cover\">\t\t<span \t\t\tdata-qtmplayer-cover=\"https:\/\/rna.ao\/rna.ao\/wp-content\/uploads\/2026\/01\/IMG_8733-370x370.jpeg\"\n\t\t\t\t\t\tdata-qtmplayer-file=\"https:\/\/rna.ao\/rna.ao\/wp-content\/uploads\/2026\/01\/EDSON-SANTOS-PLANO.mp3\"\n\t\t\t\t\t\tdata-qtmplayer-title=\"Elei\u00e7\u00f5es presidenciais em Portugal seguem para segunda volta marcada para 8 de Fevereiro\"\n\t\t\t\t\t\tdata-qtmplayer-artist=\"Carla Quipungo\"\n\t\t\t\t\t\tdata-qtmplayer-link=\"https:\/\/rna.ao\/rna.ao\/2026\/01\/19\/eleicoes-presidenciais-em-portugal-seguem-para-segunda-volta-marcada-para-8-de-fevereiro\/\"\n\t\t\t\t\t\tdata-qtmplayer-icon=\"file_download\"\n\t\t\t\t\t\tdata-qtmplayer-type=\"track\"\n\t\t\t class=\"qtmplayer-play qtmplayer-link-sec qtmplayer-play-btn\"><i class='material-icons'>play_arrow<\/i><\/span>\n\t\t<p>\n\t\t\t<span class=\"qtmplayer-tit\">Elei\u00e7\u00f5es presidenciais em Portugal seguem para segunda volta marcada para 8 de Fevereiro<\/span>\n\t\t\t<span class=\"qtmplayer-art\">Carla Quipungo<\/span>\n\t\t<\/p>\n\t<\/li>\n\t\t<\/ul>\n\t<\/div>\t\t\t\n\t\n","protected":false},"excerpt":{"rendered":"<p>As elei\u00e7\u00f5es presidenciais em Portugal, realizadas este domingo, resultaram numa segunda volta, agendada para o pr\u00f3ximo 8 de Fevereiro, depois de nenhum dos candidatos ter alcan\u00e7ado a maioria absoluta na primeira vota\u00e7\u00e3o.O sufr\u00e1gio deixou patente uma forte divis\u00e3o do eleitorado portugu\u00eas, com o confronto pol\u00edtico a centrar-se entre for\u00e7as de ...<\/p>\n","protected":false},"author":9,"featured_media":205079,"comment_status":"closed","ping_status":"closed","sticky":false,"template":"","format":"standard","meta":[],"categories":[142,121,163],"tags":[],"_links":{"self":[{"href":"https:\/\/rna.ao\/rna.ao\/wp-json\/wp\/v2\/posts\/205081"}],"collection":[{"href":"https:\/\/rna.ao\/rna.ao\/wp-json\/wp\/v2\/posts"}],"about":[{"href":"https:\/\/rna.ao\/rna.ao\/wp-json\/wp\/v2\/types\/post"}],"author":[{"embeddable":true,"href":"https:\/\/rna.ao\/rna.ao\/wp-json\/wp\/v2\/users\/9"}],"replies":[{"embeddable":true,"href":"https:\/\/rna.ao\/rna.ao\/wp-json\/wp\/v2\/comments?post=205081"}],"version-history":[{"count":1,"href":"https:\/\/rna.ao\/rna.ao\/wp-json\/wp\/v2\/posts\/205081\/revisions"}],"predecessor-version":[{"id":205084,"href":"https:\/\/rna.ao\/rna.ao\/wp-json\/wp\/v2\/posts\/205081\/revisions\/205084"}],"wp:featuredmedia":[{"embeddable":true,"href":"https:\/\/rna.ao\/rna.ao\/wp-json\/wp\/v2\/media\/205079"}],"wp:attachment":[{"href":"https:\/\/rna.ao\/rna.ao\/wp-json\/wp\/v2\/media?parent=205081"}],"wp:term":[{"taxonomy":"category","embeddable":true,"href":"https:\/\/rna.ao\/rna.ao\/wp-json\/wp\/v2\/categories?post=205081"},{"taxonomy":"post_tag","embeddable":true,"href":"https:\/\/rna.ao\/rna.ao\/wp-json\/wp\/v2\/tags?post=205081"}],"curies":[{"name":"wp","href":"https:\/\/api.w.org\/{rel}","templated":true}]}}