{"id":205037,"date":"2026-01-19T12:51:07","date_gmt":"2026-01-19T11:51:07","guid":{"rendered":"https:\/\/rna.ao\/rna.ao\/?p=205037"},"modified":"2026-01-19T12:51:07","modified_gmt":"2026-01-19T11:51:07","slug":"requalificacao-da-via-en-100-ngola-kiluanda-avanca-a-bom-ritmo-no-kikolo","status":"publish","type":"post","link":"https:\/\/rna.ao\/rna.ao\/2026\/01\/19\/requalificacao-da-via-en-100-ngola-kiluanda-avanca-a-bom-ritmo-no-kikolo\/","title":{"rendered":"Requalifica\u00e7\u00e3o da via EN-100\u2013Ngola Kiluanda avan\u00e7a a bom ritmo no Kikolo"},"content":{"rendered":"<p><img loading=\"lazy\" class=\"alignnone size-medium wp-image-205047\" src=\"https:\/\/rna.ao\/rna.ao\/wp-content\/uploads\/2026\/01\/IMG_8727-601x770.jpeg\" alt=\"\" width=\"601\" height=\"770\" srcset=\"https:\/\/rna.ao\/rna.ao\/wp-content\/uploads\/2026\/01\/IMG_8727-601x770.jpeg 601w, https:\/\/rna.ao\/rna.ao\/wp-content\/uploads\/2026\/01\/IMG_8727-768x984.jpeg 768w, https:\/\/rna.ao\/rna.ao\/wp-content\/uploads\/2026\/01\/IMG_8727.jpeg 883w\" sizes=\"(max-width: 601px) 100vw, 601px\" \/><\/p>\n<p>As obras de requalifica\u00e7\u00e3o da via que interliga a Estrada Nacional 100 \u00e0 Ngola Kiluanda, na zona do Kikolo, decorrem a bom ritmo, melhorando significativamente a circula\u00e7\u00e3o rodovi\u00e1ria naquela \u00e1rea.<\/p>\n<p>Os utentes da via manifestam expectativas positivas, acreditando que a conclus\u00e3o das obras trar\u00e1 dias melhores, com maior fluidez do tr\u00e2nsito, redu\u00e7\u00e3o do tempo de viagem e melhores condi\u00e7\u00f5es de seguran\u00e7a. Clique no \u00e1udio abaixo e ou\u00e7a:<\/p>\n\t<div class=\"qtmplayer-playlist-large\">\n\t\t<ul class=\"qtmplayer-playlist\">\n\t\t\t\n\t\t\t\t\t<li class=\"qtmplayer-trackitem\">\n\t\t<img src=\"https:\/\/rna.ao\/rna.ao\/wp-content\/uploads\/2026\/01\/IMG_8727-100x100.jpeg\" alt=\"cover\">\t\t<span \t\t\tdata-qtmplayer-cover=\"https:\/\/rna.ao\/rna.ao\/wp-content\/uploads\/2026\/01\/IMG_8727-370x370.jpeg\"\n\t\t\t\t\t\tdata-qtmplayer-file=\"https:\/\/rna.ao\/rna.ao\/wp-content\/uploads\/2026\/01\/MUNICIPE-HOJA-YA-HENDA-.mp3\"\n\t\t\t\t\t\tdata-qtmplayer-title=\"Requalifica\u00e7\u00e3o da via EN-100\u2013Ngola Kiluanda avan\u00e7a a bom ritmo no Kikolo\"\n\t\t\t\t\t\tdata-qtmplayer-artist=\"Carla Quipungo\"\n\t\t\t\t\t\tdata-qtmplayer-link=\"https:\/\/rna.ao\/rna.ao\/2026\/01\/19\/requalificacao-da-via-en-100-ngola-kiluanda-avanca-a-bom-ritmo-no-kikolo\/\"\n\t\t\t\t\t\tdata-qtmplayer-icon=\"file_download\"\n\t\t\t\t\t\tdata-qtmplayer-type=\"track\"\n\t\t\t class=\"qtmplayer-play qtmplayer-link-sec qtmplayer-play-btn\"><i class='material-icons'>play_arrow<\/i><\/span>\n\t\t<p>\n\t\t\t<span class=\"qtmplayer-tit\">Requalifica\u00e7\u00e3o da via EN-100\u2013Ngola Kiluanda avan\u00e7a a bom ritmo no Kikolo<\/span>\n\t\t\t<span class=\"qtmplayer-art\">Carla Quipungo<\/span>\n\t\t<\/p>\n\t<\/li>\n\t\t<\/ul>\n\t<\/div>\t\t\t\n\t\n<p>E Jos\u00e9 de Oliveira Bastos, Administrador Municipal do Hoji Ya Henda, avan\u00e7a que apesar dos constrangimentos vividos pelos comerciantes as obras andam a bom ritmo. Clique no \u00e1udio abaixo e ou\u00e7a:<\/p>\n\t<div class=\"qtmplayer-playlist-large\">\n\t\t<ul class=\"qtmplayer-playlist\">\n\t\t\t\n\t\t\t\t\t<li class=\"qtmplayer-trackitem\">\n\t\t<img src=\"https:\/\/rna.ao\/rna.ao\/wp-content\/uploads\/2026\/01\/IMG_8727-100x100.jpeg\" alt=\"cover\">\t\t<span \t\t\tdata-qtmplayer-cover=\"https:\/\/rna.ao\/rna.ao\/wp-content\/uploads\/2026\/01\/IMG_8727-370x370.jpeg\"\n\t\t\t\t\t\tdata-qtmplayer-file=\"https:\/\/rna.ao\/rna.ao\/wp-content\/uploads\/2026\/01\/JOSE-DE-OLIVEIRA-BASTO-.mp3\"\n\t\t\t\t\t\tdata-qtmplayer-title=\"Requalifica\u00e7\u00e3o da via EN-100\u2013Ngola Kiluanda avan\u00e7a a bom ritmo no Kikolo\"\n\t\t\t\t\t\tdata-qtmplayer-artist=\"Carla Quipungo\"\n\t\t\t\t\t\tdata-qtmplayer-link=\"https:\/\/rna.ao\/rna.ao\/2026\/01\/19\/requalificacao-da-via-en-100-ngola-kiluanda-avanca-a-bom-ritmo-no-kikolo\/\"\n\t\t\t\t\t\tdata-qtmplayer-icon=\"file_download\"\n\t\t\t\t\t\tdata-qtmplayer-type=\"track\"\n\t\t\t class=\"qtmplayer-play qtmplayer-link-sec qtmplayer-play-btn\"><i class='material-icons'>play_arrow<\/i><\/span>\n\t\t<p>\n\t\t\t<span class=\"qtmplayer-tit\">Requalifica\u00e7\u00e3o da via EN-100\u2013Ngola Kiluanda avan\u00e7a a bom ritmo no Kikolo<\/span>\n\t\t\t<span class=\"qtmplayer-art\">Carla Quipungo<\/span>\n\t\t<\/p>\n\t<\/li>\n\t\t<\/ul>\n\t<\/div>\t\t\t\n\t\n","protected":false},"excerpt":{"rendered":"<p>As obras de requalifica\u00e7\u00e3o da via que interliga a Estrada Nacional 100 \u00e0 Ngola Kiluanda, na zona do Kikolo, decorrem a bom ritmo, melhorando significativamente a circula\u00e7\u00e3o rodovi\u00e1ria naquela \u00e1rea. Os utentes da via manifestam expectativas positivas, acreditando que a conclus\u00e3o das obras trar\u00e1 dias melhores, com maior fluidez do ...<\/p>\n","protected":false},"author":9,"featured_media":205047,"comment_status":"closed","ping_status":"closed","sticky":false,"template":"","format":"standard","meta":[],"categories":[141,133],"tags":[],"_links":{"self":[{"href":"https:\/\/rna.ao\/rna.ao\/wp-json\/wp\/v2\/posts\/205037"}],"collection":[{"href":"https:\/\/rna.ao\/rna.ao\/wp-json\/wp\/v2\/posts"}],"about":[{"href":"https:\/\/rna.ao\/rna.ao\/wp-json\/wp\/v2\/types\/post"}],"author":[{"embeddable":true,"href":"https:\/\/rna.ao\/rna.ao\/wp-json\/wp\/v2\/users\/9"}],"replies":[{"embeddable":true,"href":"https:\/\/rna.ao\/rna.ao\/wp-json\/wp\/v2\/comments?post=205037"}],"version-history":[{"count":2,"href":"https:\/\/rna.ao\/rna.ao\/wp-json\/wp\/v2\/posts\/205037\/revisions"}],"predecessor-version":[{"id":205048,"href":"https:\/\/rna.ao\/rna.ao\/wp-json\/wp\/v2\/posts\/205037\/revisions\/205048"}],"wp:featuredmedia":[{"embeddable":true,"href":"https:\/\/rna.ao\/rna.ao\/wp-json\/wp\/v2\/media\/205047"}],"wp:attachment":[{"href":"https:\/\/rna.ao\/rna.ao\/wp-json\/wp\/v2\/media?parent=205037"}],"wp:term":[{"taxonomy":"category","embeddable":true,"href":"https:\/\/rna.ao\/rna.ao\/wp-json\/wp\/v2\/categories?post=205037"},{"taxonomy":"post_tag","embeddable":true,"href":"https:\/\/rna.ao\/rna.ao\/wp-json\/wp\/v2\/tags?post=205037"}],"curies":[{"name":"wp","href":"https:\/\/api.w.org\/{rel}","templated":true}]}}