{"id":204941,"date":"2026-01-19T10:13:59","date_gmt":"2026-01-19T09:13:59","guid":{"rendered":"https:\/\/rna.ao\/rna.ao\/?p=204941"},"modified":"2026-01-19T11:04:23","modified_gmt":"2026-01-19T10:04:23","slug":"zona-franca-da-barra-do-dande-prepara-regime-cambial-e-financeiro-para-actrair-investimentos","status":"publish","type":"post","link":"https:\/\/rna.ao\/rna.ao\/2026\/01\/19\/zona-franca-da-barra-do-dande-prepara-regime-cambial-e-financeiro-para-actrair-investimentos\/","title":{"rendered":"Zona Franca da Barra do Dande prepara regime cambial e financeiro para actrair investimentos"},"content":{"rendered":"<figure id=\"attachment_204958\" aria-describedby=\"caption-attachment-204958\" style=\"width: 770px\" class=\"wp-caption alignnone\"><img loading=\"lazy\" class=\"size-medium wp-image-204958\" src=\"https:\/\/rna.ao\/rna.ao\/wp-content\/uploads\/2026\/01\/IMG_8707-770x439.jpeg\" alt=\"\" width=\"770\" height=\"439\" srcset=\"https:\/\/rna.ao\/rna.ao\/wp-content\/uploads\/2026\/01\/IMG_8707-770x439.jpeg 770w, https:\/\/rna.ao\/rna.ao\/wp-content\/uploads\/2026\/01\/IMG_8707-768x438.jpeg 768w, https:\/\/rna.ao\/rna.ao\/wp-content\/uploads\/2026\/01\/IMG_8707.jpeg 1170w\" sizes=\"(max-width: 770px) 100vw, 770px\" \/><figcaption id=\"caption-attachment-204958\" class=\"wp-caption-text\"><span style=\"font-size: 16px;\">A Zona Franca da Barra do Dande est\u00e1 a preparar o esbo\u00e7o do regime cambial e financeiro, com o objectivo de atrair e mobilizar mais investimentos para o empreendimento localizado na prov\u00edncia do Bengo.<\/span><\/figcaption><\/figure>\n<p>De acordo com o presidente do Conselho de Administra\u00e7\u00e3o da Zona Franca da Barra do Dande, Adilson Katala, a defini\u00e7\u00e3o deste regime vai permitir criar bases s\u00f3lidas de seguran\u00e7a para os investidores, refor\u00e7ando a confian\u00e7a no projecto e no ambiente de neg\u00f3cios da zona franca.<\/p>\n<p>O respons\u00e1vel assegurou ainda que o regime em prepara\u00e7\u00e3o vai garantir um ambiente jur\u00eddico favor\u00e1vel ao repatriamento de capitais, em conformidade com os marcos da legisla\u00e7\u00e3o angolana. Clique no \u00e1udio abaixo e ou\u00e7a:<\/p>\n\t<div class=\"qtmplayer-playlist-large\">\n\t\t<ul class=\"qtmplayer-playlist\">\n\t\t\t\n\t\t\t\t\t<li class=\"qtmplayer-trackitem\">\n\t\t<img src=\"https:\/\/rna.ao\/rna.ao\/wp-content\/uploads\/2026\/01\/IMG_8707-100x100.jpeg\" alt=\"cover\">\t\t<span \t\t\tdata-qtmplayer-cover=\"https:\/\/rna.ao\/rna.ao\/wp-content\/uploads\/2026\/01\/IMG_8707-370x370.jpeg\"\n\t\t\t\t\t\tdata-qtmplayer-file=\"https:\/\/rna.ao\/rna.ao\/wp-content\/uploads\/2026\/01\/ADILSON-KATALA-1-07-HRS.mp3\"\n\t\t\t\t\t\tdata-qtmplayer-title=\"Zona Franca da Barra do Dande prepara regime cambial e financeiro para actrair investimentos\"\n\t\t\t\t\t\tdata-qtmplayer-artist=\"Carla Quipungo\"\n\t\t\t\t\t\tdata-qtmplayer-link=\"https:\/\/rna.ao\/rna.ao\/2026\/01\/19\/zona-franca-da-barra-do-dande-prepara-regime-cambial-e-financeiro-para-actrair-investimentos\/\"\n\t\t\t\t\t\tdata-qtmplayer-icon=\"file_download\"\n\t\t\t\t\t\tdata-qtmplayer-type=\"track\"\n\t\t\t class=\"qtmplayer-play qtmplayer-link-sec qtmplayer-play-btn\"><i class='material-icons'>play_arrow<\/i><\/span>\n\t\t<p>\n\t\t\t<span class=\"qtmplayer-tit\">Zona Franca da Barra do Dande prepara regime cambial e financeiro para actrair investimentos<\/span>\n\t\t\t<span class=\"qtmplayer-art\">Carla Quipungo<\/span>\n\t\t<\/p>\n\t<\/li>\n\t\t<\/ul>\n\t<\/div>\t\t\t\n\t\n<p>Adilson Katala avan\u00e7ou que nesta altura dois parques industriais d\u00e3o forma a Zona Franca da Barra do Dande com 13 industrias em funcionamento, num investimento na ordem dos 450 milh\u00f5es de d\u00f3lares norte-americanos.<\/p>\n<p>Como investimento diz Adilson Katala, a Zona Franca da Barra do Dande, representa nesta altura uma aplica\u00e7\u00e3o financeira de 1.7 mil milh\u00f5es de d\u00f3lares norte-americanos. Clique no \u00e1udio abaixo e ou\u00e7a:<\/p>\n\t<div class=\"qtmplayer-playlist-large\">\n\t\t<ul class=\"qtmplayer-playlist\">\n\t\t\t\n\t\t\t\t\t<li class=\"qtmplayer-trackitem\">\n\t\t<img src=\"https:\/\/rna.ao\/rna.ao\/wp-content\/uploads\/2026\/01\/IMG_8707-100x100.jpeg\" alt=\"cover\">\t\t<span \t\t\tdata-qtmplayer-cover=\"https:\/\/rna.ao\/rna.ao\/wp-content\/uploads\/2026\/01\/IMG_8707-370x370.jpeg\"\n\t\t\t\t\t\tdata-qtmplayer-file=\"https:\/\/rna.ao\/rna.ao\/wp-content\/uploads\/2026\/01\/ADILSON-KATALA-2-07-HRS.mp3\"\n\t\t\t\t\t\tdata-qtmplayer-title=\"Zona Franca da Barra do Dande prepara regime cambial e financeiro para actrair investimentos\"\n\t\t\t\t\t\tdata-qtmplayer-artist=\"Carla Quipungo\"\n\t\t\t\t\t\tdata-qtmplayer-link=\"https:\/\/rna.ao\/rna.ao\/2026\/01\/19\/zona-franca-da-barra-do-dande-prepara-regime-cambial-e-financeiro-para-actrair-investimentos\/\"\n\t\t\t\t\t\tdata-qtmplayer-icon=\"file_download\"\n\t\t\t\t\t\tdata-qtmplayer-type=\"track\"\n\t\t\t class=\"qtmplayer-play qtmplayer-link-sec qtmplayer-play-btn\"><i class='material-icons'>play_arrow<\/i><\/span>\n\t\t<p>\n\t\t\t<span class=\"qtmplayer-tit\">Zona Franca da Barra do Dande prepara regime cambial e financeiro para actrair investimentos<\/span>\n\t\t\t<span class=\"qtmplayer-art\">Carla Quipungo<\/span>\n\t\t<\/p>\n\t<\/li>\n\t\t<\/ul>\n\t<\/div>\t\t\t\n\t\n<p>Adilson Katala deu igualmente conta que a segunda das cinco fases da f\u00e1brica de alum\u00ednio electrolitico da Barra do Dande, arranca em Junho deste ano, num investimento de quinhentos milh\u00f5es de d\u00f3lares. Adilson Katala, diz que do promotor do investimento h\u00e1 a indica\u00e7\u00e3o da sua conclus\u00e3o em dez anos. Clique no \u00e1udio abaixo e ou\u00e7a:<\/p>\n\t<div class=\"qtmplayer-playlist-large\">\n\t\t<ul class=\"qtmplayer-playlist\">\n\t\t\t\n\t\t\t\t\t<li class=\"qtmplayer-trackitem\">\n\t\t<img src=\"https:\/\/rna.ao\/rna.ao\/wp-content\/uploads\/2026\/01\/IMG_8707-100x100.jpeg\" alt=\"cover\">\t\t<span \t\t\tdata-qtmplayer-cover=\"https:\/\/rna.ao\/rna.ao\/wp-content\/uploads\/2026\/01\/IMG_8707-370x370.jpeg\"\n\t\t\t\t\t\tdata-qtmplayer-file=\"https:\/\/rna.ao\/rna.ao\/wp-content\/uploads\/2026\/01\/ADILSON-KATALA-3-07-HRS.mp3\"\n\t\t\t\t\t\tdata-qtmplayer-title=\"Zona Franca da Barra do Dande prepara regime cambial e financeiro para actrair investimentos\"\n\t\t\t\t\t\tdata-qtmplayer-artist=\"Carla Quipungo\"\n\t\t\t\t\t\tdata-qtmplayer-link=\"https:\/\/rna.ao\/rna.ao\/2026\/01\/19\/zona-franca-da-barra-do-dande-prepara-regime-cambial-e-financeiro-para-actrair-investimentos\/\"\n\t\t\t\t\t\tdata-qtmplayer-icon=\"file_download\"\n\t\t\t\t\t\tdata-qtmplayer-type=\"track\"\n\t\t\t class=\"qtmplayer-play qtmplayer-link-sec qtmplayer-play-btn\"><i class='material-icons'>play_arrow<\/i><\/span>\n\t\t<p>\n\t\t\t<span class=\"qtmplayer-tit\">Zona Franca da Barra do Dande prepara regime cambial e financeiro para actrair investimentos<\/span>\n\t\t\t<span class=\"qtmplayer-art\">Carla Quipungo<\/span>\n\t\t<\/p>\n\t<\/li>\n\t\t<\/ul>\n\t<\/div>\t\t\t\n\t\n<p>&nbsp;<\/p>\n","protected":false},"excerpt":{"rendered":"<p>De acordo com o presidente do Conselho de Administra\u00e7\u00e3o da Zona Franca da Barra do Dande, Adilson Katala, a defini\u00e7\u00e3o deste regime vai permitir criar bases s\u00f3lidas de seguran\u00e7a para os investidores, refor\u00e7ando a confian\u00e7a no projecto e no ambiente de neg\u00f3cios da zona franca. O respons\u00e1vel assegurou ainda que ...<\/p>\n","protected":false},"author":9,"featured_media":204958,"comment_status":"closed","ping_status":"closed","sticky":false,"template":"","format":"standard","meta":[],"categories":[142,121,164,163],"tags":[],"_links":{"self":[{"href":"https:\/\/rna.ao\/rna.ao\/wp-json\/wp\/v2\/posts\/204941"}],"collection":[{"href":"https:\/\/rna.ao\/rna.ao\/wp-json\/wp\/v2\/posts"}],"about":[{"href":"https:\/\/rna.ao\/rna.ao\/wp-json\/wp\/v2\/types\/post"}],"author":[{"embeddable":true,"href":"https:\/\/rna.ao\/rna.ao\/wp-json\/wp\/v2\/users\/9"}],"replies":[{"embeddable":true,"href":"https:\/\/rna.ao\/rna.ao\/wp-json\/wp\/v2\/comments?post=204941"}],"version-history":[{"count":4,"href":"https:\/\/rna.ao\/rna.ao\/wp-json\/wp\/v2\/posts\/204941\/revisions"}],"predecessor-version":[{"id":204987,"href":"https:\/\/rna.ao\/rna.ao\/wp-json\/wp\/v2\/posts\/204941\/revisions\/204987"}],"wp:featuredmedia":[{"embeddable":true,"href":"https:\/\/rna.ao\/rna.ao\/wp-json\/wp\/v2\/media\/204958"}],"wp:attachment":[{"href":"https:\/\/rna.ao\/rna.ao\/wp-json\/wp\/v2\/media?parent=204941"}],"wp:term":[{"taxonomy":"category","embeddable":true,"href":"https:\/\/rna.ao\/rna.ao\/wp-json\/wp\/v2\/categories?post=204941"},{"taxonomy":"post_tag","embeddable":true,"href":"https:\/\/rna.ao\/rna.ao\/wp-json\/wp\/v2\/tags?post=204941"}],"curies":[{"name":"wp","href":"https:\/\/api.w.org\/{rel}","templated":true}]}}