{"id":20367,"date":"2021-04-05T06:44:57","date_gmt":"2021-04-05T05:44:57","guid":{"rendered":"https:\/\/rna.ao\/rna.ao\/?p=20367"},"modified":"2021-04-05T06:44:57","modified_gmt":"2021-04-05T05:44:57","slug":"hoquei-patins-tecnico-do-academica-de-luanda-atira-se-contra-arbitragem-da-final-da-supertaca-joao-garcia","status":"publish","type":"post","link":"https:\/\/rna.ao\/rna.ao\/2021\/04\/05\/hoquei-patins-tecnico-do-academica-de-luanda-atira-se-contra-arbitragem-da-final-da-supertaca-joao-garcia\/","title":{"rendered":"H\u00f3quei Patins: T\u00e9cnico do Acad\u00e9mica de Luanda atira-se contra arbitragem da final da Superta\u00e7a Jo\u00e3o Garcia"},"content":{"rendered":"<p><img loading=\"lazy\" class=\"size-full wp-image-20374 alignleft\" src=\"https:\/\/rna.ao\/rna.ao\/wp-content\/uploads\/2021\/04\/Alberto-Domingos-Jo.jpg\" alt=\"\" width=\"220\" height=\"147\" \/>O t\u00e9cnico principal da equipa de h\u00f3quei em patins do Acad\u00e9mica de Luanda, Alberto Domingos &#8220;J\u00f4&#8221;, atirou-se contra a arbitragem de Watar\u00e1 e M\u00e1ria Jos\u00e9, no jogo em que perdeu frente ao Atl\u00e9tico petr\u00f3leos de Luanda, por (3-2).<\/p>\n<p>Alberto Domingos &#8220;J\u00f4&#8221; diz que os \u00e1rbitros do jogo da final da Superta\u00e7a Jo\u00e3o Garcia, em h\u00f3quei patins, prejudicaram claramente a sua equipa, principalmente nos cinco minutos finais da contenda. Clique no \u00e1udio e ou\u00e7a:<\/p>\n\t<div class=\"qtmplayer-playlist-large\">\n\t\t<ul class=\"qtmplayer-playlist\">\n\t\t\t\n\t\t\t\t\t<li class=\"qtmplayer-trackitem\">\n\t\t<img src=\"https:\/\/rna.ao\/rna.ao\/wp-content\/uploads\/2021\/04\/Alberto-Domingos-Jo-100x100.jpg\" alt=\"cover\">\t\t<span \t\t\tdata-qtmplayer-cover=\"https:\/\/rna.ao\/rna.ao\/wp-content\/uploads\/2021\/04\/Alberto-Domingos-Jo.jpg\"\n\t\t\t\t\t\tdata-qtmplayer-file=\"https:\/\/rna.ao\/rna.ao\/wp-content\/uploads\/2021\/04\/3-ALBERTO-DOMINGOS-JO-04-04-21.mp3\"\n\t\t\t\t\t\tdata-qtmplayer-title=\"H\u00f3quei Patins: T\u00e9cnico do Acad\u00e9mica de Luanda atira-se contra arbitragem da final da Superta\u00e7a Jo\u00e3o Garcia\"\n\t\t\t\t\t\tdata-qtmplayer-artist=\"RNA\"\n\t\t\t\t\t\tdata-qtmplayer-link=\"https:\/\/rna.ao\/rna.ao\/2021\/04\/05\/hoquei-patins-tecnico-do-academica-de-luanda-atira-se-contra-arbitragem-da-final-da-supertaca-joao-garcia\/\"\n\t\t\t\t\t\tdata-qtmplayer-icon=\"file_download\"\n\t\t\t\t\t\tdata-qtmplayer-type=\"track\"\n\t\t\t class=\"qtmplayer-play qtmplayer-link-sec qtmplayer-play-btn\"><i class='material-icons'>play_arrow<\/i><\/span>\n\t\t<p>\n\t\t\t<span class=\"qtmplayer-tit\">H\u00f3quei Patins: T\u00e9cnico do Acad\u00e9mica de Luanda atira-se contra arbitragem da final da Superta\u00e7a Jo\u00e3o Garcia<\/span>\n\t\t\t<span class=\"qtmplayer-art\">RNA<\/span>\n\t\t<\/p>\n\t<\/li>\n\t\t<\/ul>\n\t<\/div>\t\t\t\n\t\n<p>Fonte: R\u00e1dio 5\/RNA<\/p>\n","protected":false},"excerpt":{"rendered":"<p>O t\u00e9cnico principal da equipa de h\u00f3quei em patins do Acad\u00e9mica de Luanda, Alberto Domingos &#8220;J\u00f4&#8221;, atirou-se contra a arbitragem de Watar\u00e1 e M\u00e1ria Jos\u00e9, no jogo em que perdeu frente ao Atl\u00e9tico petr\u00f3leos de Luanda, por (3-2). Alberto Domingos &#8220;J\u00f4&#8221; diz que os \u00e1rbitros do jogo da final da ...<\/p>\n","protected":false},"author":8,"featured_media":20374,"comment_status":"closed","ping_status":"closed","sticky":false,"template":"","format":"standard","meta":[],"categories":[145,125,164],"tags":[],"_links":{"self":[{"href":"https:\/\/rna.ao\/rna.ao\/wp-json\/wp\/v2\/posts\/20367"}],"collection":[{"href":"https:\/\/rna.ao\/rna.ao\/wp-json\/wp\/v2\/posts"}],"about":[{"href":"https:\/\/rna.ao\/rna.ao\/wp-json\/wp\/v2\/types\/post"}],"author":[{"embeddable":true,"href":"https:\/\/rna.ao\/rna.ao\/wp-json\/wp\/v2\/users\/8"}],"replies":[{"embeddable":true,"href":"https:\/\/rna.ao\/rna.ao\/wp-json\/wp\/v2\/comments?post=20367"}],"version-history":[{"count":1,"href":"https:\/\/rna.ao\/rna.ao\/wp-json\/wp\/v2\/posts\/20367\/revisions"}],"predecessor-version":[{"id":20375,"href":"https:\/\/rna.ao\/rna.ao\/wp-json\/wp\/v2\/posts\/20367\/revisions\/20375"}],"wp:featuredmedia":[{"embeddable":true,"href":"https:\/\/rna.ao\/rna.ao\/wp-json\/wp\/v2\/media\/20374"}],"wp:attachment":[{"href":"https:\/\/rna.ao\/rna.ao\/wp-json\/wp\/v2\/media?parent=20367"}],"wp:term":[{"taxonomy":"category","embeddable":true,"href":"https:\/\/rna.ao\/rna.ao\/wp-json\/wp\/v2\/categories?post=20367"},{"taxonomy":"post_tag","embeddable":true,"href":"https:\/\/rna.ao\/rna.ao\/wp-json\/wp\/v2\/tags?post=20367"}],"curies":[{"name":"wp","href":"https:\/\/api.w.org\/{rel}","templated":true}]}}