{"id":20361,"date":"2021-04-05T06:13:11","date_gmt":"2021-04-05T05:13:11","guid":{"rendered":"https:\/\/rna.ao\/rna.ao\/?p=20361"},"modified":"2021-04-05T07:56:50","modified_gmt":"2021-04-05T06:56:50","slug":"aulas-no-ensino-pre-escolar-retomam-esta-segunda-feira-em-todo-o-pais","status":"publish","type":"post","link":"https:\/\/rna.ao\/rna.ao\/2021\/04\/05\/aulas-no-ensino-pre-escolar-retomam-esta-segunda-feira-em-todo-o-pais\/","title":{"rendered":"Aulas no ensino pr\u00e9-escolar retomam esta segunda-feira em todo o pa\u00eds"},"content":{"rendered":"<p><img loading=\"lazy\" class=\"size-full wp-image-19584 alignleft\" src=\"https:\/\/rna.ao\/rna.ao\/wp-content\/uploads\/2021\/03\/Escola-do-Ensino-Geral.jpg\" alt=\"\" width=\"288\" height=\"187\" \/>O rein\u00edcio das aulas no ensino pr\u00e9-escolar acontece a partir desta segunda-feira, 05 de Abril, depois de um ano de paralisa\u00e7\u00e3o, devido ao surgimento dos primeiros casos da Covid-19, no pa\u00eds, em mar\u00e7o de 2020.<\/p>\n<p>Retomam, tamb\u00e9m, as actividades noutros subsistemas de ensino, como creches e jardins de inf\u00e2ncia. A retoma das aulas surge na sequ\u00eancia da reavalia\u00e7\u00e3o das medidas de preven\u00e7\u00e3o e controlo da propaga\u00e7\u00e3o do v\u00edrus SARS-COV-2 e da evolu\u00e7\u00e3o da situa\u00e7\u00e3o epidemiol\u00f3gica do pa\u00eds.<\/p>\n<p>No Lobito, Prov\u00edncia de Benguela, as escolas j\u00e1 receberam material de biosseguran\u00e7a e os directores das institui\u00e7\u00f5es de ensino garantem estar tudo preparado para o rein\u00edcio das aulas. Ou\u00e7a, abaixo, toda informa\u00e7\u00e3o com o rep\u00f3rter Edson Santos:<\/p>\n\t<div class=\"qtmplayer-playlist-large\">\n\t\t<ul class=\"qtmplayer-playlist\">\n\t\t\t\n\t\t\t\t\t<li class=\"qtmplayer-trackitem\">\n\t\t<img src=\"https:\/\/rna.ao\/rna.ao\/wp-content\/uploads\/2021\/03\/Escola-do-Ensino-Geral-100x100.jpg\" alt=\"cover\">\t\t<span \t\t\tdata-qtmplayer-cover=\"https:\/\/rna.ao\/rna.ao\/wp-content\/uploads\/2021\/03\/Escola-do-Ensino-Geral.jpg\"\n\t\t\t\t\t\tdata-qtmplayer-file=\"https:\/\/rna.ao\/rna.ao\/wp-content\/uploads\/2021\/04\/LOBITO-PRE-ESCOLAR-06HRS.mp3\"\n\t\t\t\t\t\tdata-qtmplayer-title=\"Aulas no ensino pr\u00e9-escolar retomam esta segunda-feira em todo o pa\u00eds\"\n\t\t\t\t\t\tdata-qtmplayer-artist=\"RNA\"\n\t\t\t\t\t\tdata-qtmplayer-link=\"https:\/\/rna.ao\/rna.ao\/2021\/04\/05\/aulas-no-ensino-pre-escolar-retomam-esta-segunda-feira-em-todo-o-pais\/\"\n\t\t\t\t\t\tdata-qtmplayer-icon=\"file_download\"\n\t\t\t\t\t\tdata-qtmplayer-type=\"track\"\n\t\t\t class=\"qtmplayer-play qtmplayer-link-sec qtmplayer-play-btn\"><i class='material-icons'>play_arrow<\/i><\/span>\n\t\t<p>\n\t\t\t<span class=\"qtmplayer-tit\">Aulas no ensino pr\u00e9-escolar retomam esta segunda-feira em todo o pa\u00eds<\/span>\n\t\t\t<span class=\"qtmplayer-art\">RNA<\/span>\n\t\t<\/p>\n\t<\/li>\n\t\t<\/ul>\n\t<\/div>\t\t\t\n\t\n<p>Fonte: RNA<\/p>\n","protected":false},"excerpt":{"rendered":"<p>O rein\u00edcio das aulas no ensino pr\u00e9-escolar acontece a partir desta segunda-feira, 05 de Abril, depois de um ano de paralisa\u00e7\u00e3o, devido ao surgimento dos primeiros casos da Covid-19, no pa\u00eds, em mar\u00e7o de 2020. Retomam, tamb\u00e9m, as actividades noutros subsistemas de ensino, como creches e jardins de inf\u00e2ncia. A ...<\/p>\n","protected":false},"author":8,"featured_media":19584,"comment_status":"closed","ping_status":"closed","sticky":false,"template":"","format":"standard","meta":[],"categories":[142,121,163],"tags":[],"_links":{"self":[{"href":"https:\/\/rna.ao\/rna.ao\/wp-json\/wp\/v2\/posts\/20361"}],"collection":[{"href":"https:\/\/rna.ao\/rna.ao\/wp-json\/wp\/v2\/posts"}],"about":[{"href":"https:\/\/rna.ao\/rna.ao\/wp-json\/wp\/v2\/types\/post"}],"author":[{"embeddable":true,"href":"https:\/\/rna.ao\/rna.ao\/wp-json\/wp\/v2\/users\/8"}],"replies":[{"embeddable":true,"href":"https:\/\/rna.ao\/rna.ao\/wp-json\/wp\/v2\/comments?post=20361"}],"version-history":[{"count":2,"href":"https:\/\/rna.ao\/rna.ao\/wp-json\/wp\/v2\/posts\/20361\/revisions"}],"predecessor-version":[{"id":20418,"href":"https:\/\/rna.ao\/rna.ao\/wp-json\/wp\/v2\/posts\/20361\/revisions\/20418"}],"wp:featuredmedia":[{"embeddable":true,"href":"https:\/\/rna.ao\/rna.ao\/wp-json\/wp\/v2\/media\/19584"}],"wp:attachment":[{"href":"https:\/\/rna.ao\/rna.ao\/wp-json\/wp\/v2\/media?parent=20361"}],"wp:term":[{"taxonomy":"category","embeddable":true,"href":"https:\/\/rna.ao\/rna.ao\/wp-json\/wp\/v2\/categories?post=20361"},{"taxonomy":"post_tag","embeddable":true,"href":"https:\/\/rna.ao\/rna.ao\/wp-json\/wp\/v2\/tags?post=20361"}],"curies":[{"name":"wp","href":"https:\/\/api.w.org\/{rel}","templated":true}]}}