{"id":20360,"date":"2021-04-05T06:18:53","date_gmt":"2021-04-05T05:18:53","guid":{"rendered":"https:\/\/rna.ao\/rna.ao\/?p=20360"},"modified":"2021-04-05T06:18:53","modified_gmt":"2021-04-05T05:18:53","slug":"vice-pr-afirma-que-angola-tem-condicoes-para-continuar-a-crescer-em-paz-unidade-e-democracia","status":"publish","type":"post","link":"https:\/\/rna.ao\/rna.ao\/2021\/04\/05\/vice-pr-afirma-que-angola-tem-condicoes-para-continuar-a-crescer-em-paz-unidade-e-democracia\/","title":{"rendered":"Vice-PR afirma que Angola tem condi\u00e7\u00f5es para continuar a crescer em paz, unidade e democracia"},"content":{"rendered":"<p><img loading=\"lazy\" class=\"size-full wp-image-20365 alignleft\" src=\"https:\/\/rna.ao\/rna.ao\/wp-content\/uploads\/2021\/04\/vice-presidente_da_republica-_bornito_de_sousa.jpg\" alt=\"\" width=\"269\" height=\"180\" \/>O Vice-Presidente da Rep\u00fablica, Bornito de Sousa, afirmou que o nosso pa\u00eds tem condi\u00e7\u00f5es, para continuar a crescer em paz, unidade e democracia. Bornito de Sousa falava, em Cabinda, no acto central que marcou os 19 anos de paz e reconcilia\u00e7\u00e3o nacional, celebrados no domingo, 4 de Abril. Clique no \u00e1udio e ou\u00e7a:<\/p>\n\t<div class=\"qtmplayer-playlist-large\">\n\t\t<ul class=\"qtmplayer-playlist\">\n\t\t\t\n\t\t\t\t\t<li class=\"qtmplayer-trackitem\">\n\t\t<img src=\"https:\/\/rna.ao\/rna.ao\/wp-content\/uploads\/2021\/04\/vice-presidente_da_republica-_bornito_de_sousa-100x100.jpg\" alt=\"cover\">\t\t<span \t\t\tdata-qtmplayer-cover=\"https:\/\/rna.ao\/rna.ao\/wp-content\/uploads\/2021\/04\/vice-presidente_da_republica-_bornito_de_sousa.jpg\"\n\t\t\t\t\t\tdata-qtmplayer-file=\"https:\/\/rna.ao\/rna.ao\/wp-content\/uploads\/2021\/04\/BORNITO-DE-SOUSA-06HRS.mp3\"\n\t\t\t\t\t\tdata-qtmplayer-title=\"Vice-PR afirma que Angola tem condi\u00e7\u00f5es para continuar a crescer em paz, unidade e democracia\"\n\t\t\t\t\t\tdata-qtmplayer-artist=\"RNA\"\n\t\t\t\t\t\tdata-qtmplayer-link=\"https:\/\/rna.ao\/rna.ao\/2021\/04\/05\/vice-pr-afirma-que-angola-tem-condicoes-para-continuar-a-crescer-em-paz-unidade-e-democracia\/\"\n\t\t\t\t\t\tdata-qtmplayer-icon=\"file_download\"\n\t\t\t\t\t\tdata-qtmplayer-type=\"track\"\n\t\t\t class=\"qtmplayer-play qtmplayer-link-sec qtmplayer-play-btn\"><i class='material-icons'>play_arrow<\/i><\/span>\n\t\t<p>\n\t\t\t<span class=\"qtmplayer-tit\">Vice-PR afirma que Angola tem condi\u00e7\u00f5es para continuar a crescer em paz, unidade e democracia<\/span>\n\t\t\t<span class=\"qtmplayer-art\">RNA<\/span>\n\t\t<\/p>\n\t<\/li>\n\t\t<\/ul>\n\t<\/div>\t\t\t\n\t\n<p>Fonte: RNA<\/p>\n","protected":false},"excerpt":{"rendered":"<p>O Vice-Presidente da Rep\u00fablica, Bornito de Sousa, afirmou que o nosso pa\u00eds tem condi\u00e7\u00f5es, para continuar a crescer em paz, unidade e democracia. Bornito de Sousa falava, em Cabinda, no acto central que marcou os 19 anos de paz e reconcilia\u00e7\u00e3o nacional, celebrados no domingo, 4 de Abril. Clique no ...<\/p>\n","protected":false},"author":8,"featured_media":20365,"comment_status":"closed","ping_status":"closed","sticky":false,"template":"","format":"standard","meta":[],"categories":[142,121,163],"tags":[],"_links":{"self":[{"href":"https:\/\/rna.ao\/rna.ao\/wp-json\/wp\/v2\/posts\/20360"}],"collection":[{"href":"https:\/\/rna.ao\/rna.ao\/wp-json\/wp\/v2\/posts"}],"about":[{"href":"https:\/\/rna.ao\/rna.ao\/wp-json\/wp\/v2\/types\/post"}],"author":[{"embeddable":true,"href":"https:\/\/rna.ao\/rna.ao\/wp-json\/wp\/v2\/users\/8"}],"replies":[{"embeddable":true,"href":"https:\/\/rna.ao\/rna.ao\/wp-json\/wp\/v2\/comments?post=20360"}],"version-history":[{"count":1,"href":"https:\/\/rna.ao\/rna.ao\/wp-json\/wp\/v2\/posts\/20360\/revisions"}],"predecessor-version":[{"id":20366,"href":"https:\/\/rna.ao\/rna.ao\/wp-json\/wp\/v2\/posts\/20360\/revisions\/20366"}],"wp:featuredmedia":[{"embeddable":true,"href":"https:\/\/rna.ao\/rna.ao\/wp-json\/wp\/v2\/media\/20365"}],"wp:attachment":[{"href":"https:\/\/rna.ao\/rna.ao\/wp-json\/wp\/v2\/media?parent=20360"}],"wp:term":[{"taxonomy":"category","embeddable":true,"href":"https:\/\/rna.ao\/rna.ao\/wp-json\/wp\/v2\/categories?post=20360"},{"taxonomy":"post_tag","embeddable":true,"href":"https:\/\/rna.ao\/rna.ao\/wp-json\/wp\/v2\/tags?post=20360"}],"curies":[{"name":"wp","href":"https:\/\/api.w.org\/{rel}","templated":true}]}}