{"id":203192,"date":"2026-01-01T13:11:56","date_gmt":"2026-01-01T12:11:56","guid":{"rendered":"https:\/\/rna.ao\/rna.ao\/?p=203192"},"modified":"2026-01-01T13:11:56","modified_gmt":"2026-01-01T12:11:56","slug":"oge-para-2026-ja-esta-em-condicoes-de-ser-executado-economista-paulo-forquilha-sustenta-que-o-pais-deve-priorizar-o-crescimento-economico-e-a-sustentabilidade-das-empresas","status":"publish","type":"post","link":"https:\/\/rna.ao\/rna.ao\/2026\/01\/01\/oge-para-2026-ja-esta-em-condicoes-de-ser-executado-economista-paulo-forquilha-sustenta-que-o-pais-deve-priorizar-o-crescimento-economico-e-a-sustentabilidade-das-empresas\/","title":{"rendered":"OGE para 2026 j\u00e1 est\u00e1 em condi\u00e7\u00f5es de ser executado. Economista Paulo Forquilha sustenta que o pa\u00eds deve priorizar o crescimento econ\u00f3mico e a sustentabilidade das empresas"},"content":{"rendered":"<p><img loading=\"lazy\" class=\"size-full wp-image-155432 alignleft\" src=\"https:\/\/rna.ao\/rna.ao\/wp-content\/uploads\/2024\/09\/Paulo-Forquilha.jpg\" alt=\"\" width=\"256\" height=\"192\" \/>O Or\u00e7amento Geral do Estado para o exerc\u00edcio econ\u00f3mico 2026 come\u00e7a a ser executado oficialmente a partir de hoje, quinta-feira, 1 de Janeiro, ap\u00f3s a sua publica\u00e7\u00e3o em Di\u00e1rio da Rep\u00fablica. O diploma, promulgado pelo Presidente da Rep\u00fablica, foi antes aprovado em vota\u00e7\u00e3o final global pela Assembleia Nacional no passado 15 de Dezembro de 2025, com 120 votos a favor, 79 contra e nenhuma absten\u00e7\u00e3o.<\/p>\n<p>Dar nota que, o OGE 2026, fixa o montante global das receitas e despesas em cerca de 33,24 bili\u00f5es de kwanzas e projecta um crescimento real do Produto Interno Bruto de 4,17%. O economista <strong>Paulo Forquilha<\/strong> considera que o ano de <strong>2026<\/strong> ser\u00e1 marcado por <strong>grandes desafios para Angola<\/strong>, sobretudo no plano econ\u00f3mico. Segundo o especialista, o pa\u00eds dever\u00e1 manter o crescimento econ\u00f3mico de forma a garantir impactos reais na vida dos cidad\u00e3os e no funcionamento das empresas.<\/p>\n<p>Paulo Forquilha, defende que o<strong> apoio \u00e0 produ\u00e7\u00e3o nacional <\/strong>e o<strong> pagamento atempado das ordens de saque \u00e0s empresas<\/strong> devem ser assumidos como prioridades, por serem fatores essenciais para a estabilidade econ\u00f3mica e para a <strong>cria\u00e7\u00e3o de mais empregos<\/strong> no pa\u00eds.\u00a0Clique no \u00e1udio e ou\u00e7a:<\/p>\n<p><img loading=\"lazy\" class=\"size-full wp-image-116700 alignleft\" src=\"https:\/\/rna.ao\/rna.ao\/wp-content\/uploads\/2023\/09\/multicaixa-ATMS-com-dinheiro.jpg\" alt=\"\" width=\"372\" height=\"213\" srcset=\"https:\/\/rna.ao\/rna.ao\/wp-content\/uploads\/2023\/09\/multicaixa-ATMS-com-dinheiro.jpg 372w, https:\/\/rna.ao\/rna.ao\/wp-content\/uploads\/2023\/09\/multicaixa-ATMS-com-dinheiro-370x213.jpg 370w\" sizes=\"(max-width: 372px) 100vw, 372px\" \/><\/p>\n\t<div class=\"qtmplayer-playlist-large\">\n\t\t<ul class=\"qtmplayer-playlist\">\n\t\t\t\n\t\t\t\t\t<li class=\"qtmplayer-trackitem\">\n\t\t<img src=\"https:\/\/rna.ao\/rna.ao\/wp-content\/uploads\/2023\/12\/Paulo-dos-Santos-Forquilha-1-100x100.jpg\" alt=\"cover\">\t\t<span \t\t\tdata-qtmplayer-cover=\"https:\/\/rna.ao\/rna.ao\/wp-content\/uploads\/2023\/12\/Paulo-dos-Santos-Forquilha-1.jpg\"\n\t\t\t\t\t\tdata-qtmplayer-file=\"https:\/\/rna.ao\/rna.ao\/wp-content\/uploads\/2026\/01\/PAULO-FORQUILHA-01-13HRS.mp3\"\n\t\t\t\t\t\tdata-qtmplayer-title=\"OGE para 2026 j\u00e1 est\u00e1 em condi\u00e7\u00f5es de ser executado. Economista Paulo Forquilha sustenta que o pa\u00eds deve priorizar o crescimento econ\u00f3mico e a sustentabilidade das empresas\"\n\t\t\t\t\t\tdata-qtmplayer-artist=\"Ant\u00f3nio Augusto\"\n\t\t\t\t\t\tdata-qtmplayer-link=\"https:\/\/rna.ao\/rna.ao\/2026\/01\/01\/oge-para-2026-ja-esta-em-condicoes-de-ser-executado-economista-paulo-forquilha-sustenta-que-o-pais-deve-priorizar-o-crescimento-economico-e-a-sustentabilidade-das-empresas\/\"\n\t\t\t\t\t\tdata-qtmplayer-icon=\"file_download\"\n\t\t\t\t\t\tdata-qtmplayer-type=\"track\"\n\t\t\t class=\"qtmplayer-play qtmplayer-link-sec qtmplayer-play-btn\"><i class='material-icons'>play_arrow<\/i><\/span>\n\t\t<p>\n\t\t\t<span class=\"qtmplayer-tit\">OGE para 2026 j\u00e1 est\u00e1 em condi\u00e7\u00f5es de ser executado. Economista Paulo Forquilha sustenta que o pa\u00eds deve priorizar o crescimento econ\u00f3mico e a sustentabilidade das empresas<\/span>\n\t\t\t<span class=\"qtmplayer-art\">Ant\u00f3nio Augusto<\/span>\n\t\t<\/p>\n\t<\/li>\n\t\t<\/ul>\n\t<\/div>\t\t\t\n\t\n<p>O economista sublinha ainda que o <strong>combate \u00e0 pequena corrup\u00e7\u00e3o<\/strong> deve merecer maior aten\u00e7\u00e3o por parte das institui\u00e7\u00f5es, por se tratar de um fen\u00f3meno que condiciona a vida dos cidad\u00e3os e afecta negativamente o <strong>investimento estrangeiro<\/strong>. Clique no \u00e1udio e ou\u00e7a:<\/p>\n\t<div class=\"qtmplayer-playlist-large\">\n\t\t<ul class=\"qtmplayer-playlist\">\n\t\t\t\n\t\t\t\t\t<li class=\"qtmplayer-trackitem\">\n\t\t<img src=\"https:\/\/rna.ao\/rna.ao\/wp-content\/uploads\/2023\/12\/Paulo-dos-Santos-Forquilha-1-100x100.jpg\" alt=\"cover\">\t\t<span \t\t\tdata-qtmplayer-cover=\"https:\/\/rna.ao\/rna.ao\/wp-content\/uploads\/2023\/12\/Paulo-dos-Santos-Forquilha-1.jpg\"\n\t\t\t\t\t\tdata-qtmplayer-file=\"https:\/\/rna.ao\/rna.ao\/wp-content\/uploads\/2026\/01\/PAULO-FORQUILHA-02-13HRS.mp3\"\n\t\t\t\t\t\tdata-qtmplayer-title=\"OGE para 2026 j\u00e1 est\u00e1 em condi\u00e7\u00f5es de ser executado. Economista Paulo Forquilha sustenta que o pa\u00eds deve priorizar o crescimento econ\u00f3mico e a sustentabilidade das empresas\"\n\t\t\t\t\t\tdata-qtmplayer-artist=\"Ant\u00f3nio Augusto\"\n\t\t\t\t\t\tdata-qtmplayer-link=\"https:\/\/rna.ao\/rna.ao\/2026\/01\/01\/oge-para-2026-ja-esta-em-condicoes-de-ser-executado-economista-paulo-forquilha-sustenta-que-o-pais-deve-priorizar-o-crescimento-economico-e-a-sustentabilidade-das-empresas\/\"\n\t\t\t\t\t\tdata-qtmplayer-icon=\"file_download\"\n\t\t\t\t\t\tdata-qtmplayer-type=\"track\"\n\t\t\t class=\"qtmplayer-play qtmplayer-link-sec qtmplayer-play-btn\"><i class='material-icons'>play_arrow<\/i><\/span>\n\t\t<p>\n\t\t\t<span class=\"qtmplayer-tit\">OGE para 2026 j\u00e1 est\u00e1 em condi\u00e7\u00f5es de ser executado. Economista Paulo Forquilha sustenta que o pa\u00eds deve priorizar o crescimento econ\u00f3mico e a sustentabilidade das empresas<\/span>\n\t\t\t<span class=\"qtmplayer-art\">Ant\u00f3nio Augusto<\/span>\n\t\t<\/p>\n\t<\/li>\n\t\t<\/ul>\n\t<\/div>\t\t\t\n\t\n<p>Paulo Forquilha, analisou tamb\u00e9m a situa\u00e7\u00e3o de Angola junto do <strong>GAFI<\/strong> e acredita que <strong>2026 poder\u00e1 ser um ano decisivo<\/strong> para que o pa\u00eds saia da lista cinzenta desta institui\u00e7\u00e3o internacional, abrindo caminho para um <strong>maior acesso ao financiamento externo<\/strong>. Clique no \u00e1udio e ou\u00e7a:<\/p>\n\t<div class=\"qtmplayer-playlist-large\">\n\t\t<ul class=\"qtmplayer-playlist\">\n\t\t\t\n\t\t\t\t\t<li class=\"qtmplayer-trackitem\">\n\t\t<img src=\"https:\/\/rna.ao\/rna.ao\/wp-content\/uploads\/2023\/12\/Paulo-dos-Santos-Forquilha-1-100x100.jpg\" alt=\"cover\">\t\t<span \t\t\tdata-qtmplayer-cover=\"https:\/\/rna.ao\/rna.ao\/wp-content\/uploads\/2023\/12\/Paulo-dos-Santos-Forquilha-1.jpg\"\n\t\t\t\t\t\tdata-qtmplayer-file=\"https:\/\/rna.ao\/rna.ao\/wp-content\/uploads\/2026\/01\/PAULO-FORQUILHA-03-13HRS.mp3\"\n\t\t\t\t\t\tdata-qtmplayer-title=\"OGE para 2026 j\u00e1 est\u00e1 em condi\u00e7\u00f5es de ser executado. Economista Paulo Forquilha sustenta que o pa\u00eds deve priorizar o crescimento econ\u00f3mico e a sustentabilidade das empresas\"\n\t\t\t\t\t\tdata-qtmplayer-artist=\"Ant\u00f3nio Augusto\"\n\t\t\t\t\t\tdata-qtmplayer-link=\"https:\/\/rna.ao\/rna.ao\/2026\/01\/01\/oge-para-2026-ja-esta-em-condicoes-de-ser-executado-economista-paulo-forquilha-sustenta-que-o-pais-deve-priorizar-o-crescimento-economico-e-a-sustentabilidade-das-empresas\/\"\n\t\t\t\t\t\tdata-qtmplayer-icon=\"file_download\"\n\t\t\t\t\t\tdata-qtmplayer-type=\"track\"\n\t\t\t class=\"qtmplayer-play qtmplayer-link-sec qtmplayer-play-btn\"><i class='material-icons'>play_arrow<\/i><\/span>\n\t\t<p>\n\t\t\t<span class=\"qtmplayer-tit\">OGE para 2026 j\u00e1 est\u00e1 em condi\u00e7\u00f5es de ser executado. Economista Paulo Forquilha sustenta que o pa\u00eds deve priorizar o crescimento econ\u00f3mico e a sustentabilidade das empresas<\/span>\n\t\t\t<span class=\"qtmplayer-art\">Ant\u00f3nio Augusto<\/span>\n\t\t<\/p>\n\t<\/li>\n\t\t<\/ul>\n\t<\/div>\t\t\t\n\t\n","protected":false},"excerpt":{"rendered":"<p>O Or\u00e7amento Geral do Estado para o exerc\u00edcio econ\u00f3mico 2026 come\u00e7a a ser executado oficialmente a partir de hoje, quinta-feira, 1 de Janeiro, ap\u00f3s a sua publica\u00e7\u00e3o em Di\u00e1rio da Rep\u00fablica. O diploma, promulgado pelo Presidente da Rep\u00fablica, foi antes aprovado em vota\u00e7\u00e3o final global pela Assembleia Nacional no passado ...<\/p>\n","protected":false},"author":23,"featured_media":127337,"comment_status":"closed","ping_status":"closed","sticky":false,"template":"","format":"standard","meta":[],"categories":[121,164,163],"tags":[],"_links":{"self":[{"href":"https:\/\/rna.ao\/rna.ao\/wp-json\/wp\/v2\/posts\/203192"}],"collection":[{"href":"https:\/\/rna.ao\/rna.ao\/wp-json\/wp\/v2\/posts"}],"about":[{"href":"https:\/\/rna.ao\/rna.ao\/wp-json\/wp\/v2\/types\/post"}],"author":[{"embeddable":true,"href":"https:\/\/rna.ao\/rna.ao\/wp-json\/wp\/v2\/users\/23"}],"replies":[{"embeddable":true,"href":"https:\/\/rna.ao\/rna.ao\/wp-json\/wp\/v2\/comments?post=203192"}],"version-history":[{"count":1,"href":"https:\/\/rna.ao\/rna.ao\/wp-json\/wp\/v2\/posts\/203192\/revisions"}],"predecessor-version":[{"id":203196,"href":"https:\/\/rna.ao\/rna.ao\/wp-json\/wp\/v2\/posts\/203192\/revisions\/203196"}],"wp:featuredmedia":[{"embeddable":true,"href":"https:\/\/rna.ao\/rna.ao\/wp-json\/wp\/v2\/media\/127337"}],"wp:attachment":[{"href":"https:\/\/rna.ao\/rna.ao\/wp-json\/wp\/v2\/media?parent=203192"}],"wp:term":[{"taxonomy":"category","embeddable":true,"href":"https:\/\/rna.ao\/rna.ao\/wp-json\/wp\/v2\/categories?post=203192"},{"taxonomy":"post_tag","embeddable":true,"href":"https:\/\/rna.ao\/rna.ao\/wp-json\/wp\/v2\/tags?post=203192"}],"curies":[{"name":"wp","href":"https:\/\/api.w.org\/{rel}","templated":true}]}}