{"id":201421,"date":"2025-12-14T08:25:31","date_gmt":"2025-12-14T07:25:31","guid":{"rendered":"https:\/\/rna.ao\/rna.ao\/?p=201421"},"modified":"2025-12-14T08:25:56","modified_gmt":"2025-12-14T07:25:56","slug":"sinprof-debate-amanha-2afeira15-verba-destinada-para-a-educacao-na-proposta-de-oge-para-2026","status":"publish","type":"post","link":"https:\/\/rna.ao\/rna.ao\/2025\/12\/14\/sinprof-debate-amanha-2afeira15-verba-destinada-para-a-educacao-na-proposta-de-oge-para-2026\/","title":{"rendered":"SINPROF debate amanh\u00e3, 2\u00aafeira(15) verba destinada para a educa\u00e7\u00e3o na proposta de OGE para 2026"},"content":{"rendered":"<p><img loading=\"lazy\" class=\"size-full wp-image-15386 alignleft\" src=\"https:\/\/rna.ao\/rna.ao\/wp-content\/uploads\/2021\/01\/SINPROF.jpg\" alt=\"\" width=\"294\" height=\"171\" \/>O Sindicato Nacional dos Professores promove amanh\u00e3, segunda-feira, 15, debates \u00e0 volta da verba destinada para a educa\u00e7\u00e3o na proposta de OGE para 2026. O momento, vai juntar na Mediateca 28 de Agosto em Luanda, representantes do Minist\u00e9rio da Educa\u00e7\u00e3o, de partidos pol\u00edticos, parceiros sociais do governo na \u00e1rea de educa\u00e7\u00e3o e pessoas interessadas. \u00a0Hamilton Sulo, Secret\u00e1rio Nacional para a Educa\u00e7\u00e3o do SINPROF, avan\u00e7ou que o evento vai servir para identificar novas fontes de financiamento para o sector da educa\u00e7\u00e3o. Clique no \u00e1udio e ou\u00e7a:<\/p>\n\t<div class=\"qtmplayer-playlist-large\">\n\t\t<ul class=\"qtmplayer-playlist\">\n\t\t\t\n\t\t\t\t\t<li class=\"qtmplayer-trackitem\">\n\t\t<img src=\"https:\/\/rna.ao\/rna.ao\/wp-content\/uploads\/2021\/01\/SINPROF-100x100.jpg\" alt=\"cover\">\t\t<span \t\t\tdata-qtmplayer-cover=\"https:\/\/rna.ao\/rna.ao\/wp-content\/uploads\/2021\/01\/SINPROF.jpg\"\n\t\t\t\t\t\tdata-qtmplayer-file=\"https:\/\/rna.ao\/rna.ao\/wp-content\/uploads\/2025\/12\/HAMILTON-SULO-SINPROF-20-HRS.mp3\"\n\t\t\t\t\t\tdata-qtmplayer-title=\"SINPROF debate amanh\u00e3, 2\u00aafeira(15) verba destinada para a educa\u00e7\u00e3o na proposta de OGE para 2026\"\n\t\t\t\t\t\tdata-qtmplayer-artist=\"Ant\u00f3nio Augusto\"\n\t\t\t\t\t\tdata-qtmplayer-link=\"https:\/\/rna.ao\/rna.ao\/2025\/12\/14\/sinprof-debate-amanha-2afeira15-verba-destinada-para-a-educacao-na-proposta-de-oge-para-2026\/\"\n\t\t\t\t\t\tdata-qtmplayer-icon=\"file_download\"\n\t\t\t\t\t\tdata-qtmplayer-type=\"track\"\n\t\t\t class=\"qtmplayer-play qtmplayer-link-sec qtmplayer-play-btn\"><i class='material-icons'>play_arrow<\/i><\/span>\n\t\t<p>\n\t\t\t<span class=\"qtmplayer-tit\">SINPROF debate amanh\u00e3, 2\u00aafeira(15) verba destinada para a educa\u00e7\u00e3o na proposta de OGE para 2026<\/span>\n\t\t\t<span class=\"qtmplayer-art\">Ant\u00f3nio Augusto<\/span>\n\t\t<\/p>\n\t<\/li>\n\t\t<\/ul>\n\t<\/div>\t\t\t\n\t\n","protected":false},"excerpt":{"rendered":"<p>O Sindicato Nacional dos Professores promove amanh\u00e3, segunda-feira, 15, debates \u00e0 volta da verba destinada para a educa\u00e7\u00e3o na proposta de OGE para 2026. O momento, vai juntar na Mediateca 28 de Agosto em Luanda, representantes do Minist\u00e9rio da Educa\u00e7\u00e3o, de partidos pol\u00edticos, parceiros sociais do governo na \u00e1rea de ...<\/p>\n","protected":false},"author":23,"featured_media":15386,"comment_status":"closed","ping_status":"closed","sticky":false,"template":"","format":"standard","meta":[],"categories":[142,121,141,163],"tags":[],"_links":{"self":[{"href":"https:\/\/rna.ao\/rna.ao\/wp-json\/wp\/v2\/posts\/201421"}],"collection":[{"href":"https:\/\/rna.ao\/rna.ao\/wp-json\/wp\/v2\/posts"}],"about":[{"href":"https:\/\/rna.ao\/rna.ao\/wp-json\/wp\/v2\/types\/post"}],"author":[{"embeddable":true,"href":"https:\/\/rna.ao\/rna.ao\/wp-json\/wp\/v2\/users\/23"}],"replies":[{"embeddable":true,"href":"https:\/\/rna.ao\/rna.ao\/wp-json\/wp\/v2\/comments?post=201421"}],"version-history":[{"count":1,"href":"https:\/\/rna.ao\/rna.ao\/wp-json\/wp\/v2\/posts\/201421\/revisions"}],"predecessor-version":[{"id":201423,"href":"https:\/\/rna.ao\/rna.ao\/wp-json\/wp\/v2\/posts\/201421\/revisions\/201423"}],"wp:featuredmedia":[{"embeddable":true,"href":"https:\/\/rna.ao\/rna.ao\/wp-json\/wp\/v2\/media\/15386"}],"wp:attachment":[{"href":"https:\/\/rna.ao\/rna.ao\/wp-json\/wp\/v2\/media?parent=201421"}],"wp:term":[{"taxonomy":"category","embeddable":true,"href":"https:\/\/rna.ao\/rna.ao\/wp-json\/wp\/v2\/categories?post=201421"},{"taxonomy":"post_tag","embeddable":true,"href":"https:\/\/rna.ao\/rna.ao\/wp-json\/wp\/v2\/tags?post=201421"}],"curies":[{"name":"wp","href":"https:\/\/api.w.org\/{rel}","templated":true}]}}