{"id":201415,"date":"2025-12-14T08:21:39","date_gmt":"2025-12-14T07:21:39","guid":{"rendered":"https:\/\/rna.ao\/rna.ao\/?p=201415"},"modified":"2025-12-14T08:21:39","modified_gmt":"2025-12-14T07:21:39","slug":"virei-completa-60-anos-de-elevacao-a-categoria-de-municipio","status":"publish","type":"post","link":"https:\/\/rna.ao\/rna.ao\/2025\/12\/14\/virei-completa-60-anos-de-elevacao-a-categoria-de-municipio\/","title":{"rendered":"Virei completa 60 anos de eleva\u00e7\u00e3o \u00e0 categoria de munic\u00edpio"},"content":{"rendered":"<p><img loading=\"lazy\" class=\"size-full wp-image-201418 alignleft\" src=\"https:\/\/rna.ao\/rna.ao\/wp-content\/uploads\/2025\/12\/municipio-do-vireii.jpg\" alt=\"\" width=\"225\" height=\"224\" srcset=\"https:\/\/rna.ao\/rna.ao\/wp-content\/uploads\/2025\/12\/municipio-do-vireii.jpg 225w, https:\/\/rna.ao\/rna.ao\/wp-content\/uploads\/2025\/12\/municipio-do-vireii-150x150.jpg 150w, https:\/\/rna.ao\/rna.ao\/wp-content\/uploads\/2025\/12\/municipio-do-vireii-100x100.jpg 100w\" sizes=\"(max-width: 225px) 100vw, 225px\" \/>O Munic\u00edpio do Virei, na Prov\u00edncia do Namibe celebrou ontem, s\u00e1bado(13),\u00a0 60 anos desde a sua eleva\u00e7\u00e3o \u00e0 categoria de munic\u00edpio. O administrador municipal aponta a constru\u00e7\u00e3o da estrada Virei\/Mo\u00e7\u00e2medes como uma das maiores preocupa\u00e7\u00f5es daquela administra\u00e7\u00e3o municipal. Andr\u00e9 Cassinda diz mesmo que a constru\u00e7\u00e3o da estrada Virei \u2013 Mo\u00e7\u00e2medes vai levar o desenvolvimento \u00e0 regi\u00e3o. Clique no \u00e1udio e ou\u00e7a:<\/p>\n\t<div class=\"qtmplayer-playlist-large\">\n\t\t<ul class=\"qtmplayer-playlist\">\n\t\t\t\n\t\t\t\t\t<li class=\"qtmplayer-trackitem\">\n\t\t<img src=\"https:\/\/rna.ao\/rna.ao\/wp-content\/uploads\/2025\/12\/municipio-do-virei-100x100.jpg\" alt=\"cover\">\t\t<span \t\t\tdata-qtmplayer-cover=\"https:\/\/rna.ao\/rna.ao\/wp-content\/uploads\/2025\/12\/municipio-do-virei.jpg\"\n\t\t\t\t\t\tdata-qtmplayer-file=\"https:\/\/rna.ao\/rna.ao\/wp-content\/uploads\/2025\/12\/ANDRE-CASSINDA-1-20-HRS.mp3\"\n\t\t\t\t\t\tdata-qtmplayer-title=\"Virei completa 60 anos de eleva\u00e7\u00e3o \u00e0 categoria de munic\u00edpio\"\n\t\t\t\t\t\tdata-qtmplayer-artist=\"Ant\u00f3nio Augusto\"\n\t\t\t\t\t\tdata-qtmplayer-link=\"https:\/\/rna.ao\/rna.ao\/2025\/12\/14\/virei-completa-60-anos-de-elevacao-a-categoria-de-municipio\/\"\n\t\t\t\t\t\tdata-qtmplayer-icon=\"file_download\"\n\t\t\t\t\t\tdata-qtmplayer-type=\"track\"\n\t\t\t class=\"qtmplayer-play qtmplayer-link-sec qtmplayer-play-btn\"><i class='material-icons'>play_arrow<\/i><\/span>\n\t\t<p>\n\t\t\t<span class=\"qtmplayer-tit\">Virei completa 60 anos de eleva\u00e7\u00e3o \u00e0 categoria de munic\u00edpio<\/span>\n\t\t\t<span class=\"qtmplayer-art\">Ant\u00f3nio Augusto<\/span>\n\t\t<\/p>\n\t<\/li>\n\t\t<\/ul>\n\t<\/div>\t\t\t\n\t\n<p>Andr\u00e9 Cassinda falou tamb\u00e9m das conquistas alcan\u00e7adas pelo munic\u00edpio do Virei, sobretudo no sector da educa\u00e7\u00e3o. Clique no \u00e1udio e ou\u00e7a:<\/p>\n\t<div class=\"qtmplayer-playlist-large\">\n\t\t<ul class=\"qtmplayer-playlist\">\n\t\t\t\n\t\t\t\t\t<li class=\"qtmplayer-trackitem\">\n\t\t<img src=\"https:\/\/rna.ao\/rna.ao\/wp-content\/uploads\/2025\/12\/municipio-do-virei-100x100.jpg\" alt=\"cover\">\t\t<span \t\t\tdata-qtmplayer-cover=\"https:\/\/rna.ao\/rna.ao\/wp-content\/uploads\/2025\/12\/municipio-do-virei.jpg\"\n\t\t\t\t\t\tdata-qtmplayer-file=\"https:\/\/rna.ao\/rna.ao\/wp-content\/uploads\/2025\/12\/ANDRE-CASSINDA-2-20-HRS.mp3\"\n\t\t\t\t\t\tdata-qtmplayer-title=\"Virei completa 60 anos de eleva\u00e7\u00e3o \u00e0 categoria de munic\u00edpio\"\n\t\t\t\t\t\tdata-qtmplayer-artist=\"Ant\u00f3nio Augusto\"\n\t\t\t\t\t\tdata-qtmplayer-link=\"https:\/\/rna.ao\/rna.ao\/2025\/12\/14\/virei-completa-60-anos-de-elevacao-a-categoria-de-municipio\/\"\n\t\t\t\t\t\tdata-qtmplayer-icon=\"file_download\"\n\t\t\t\t\t\tdata-qtmplayer-type=\"track\"\n\t\t\t class=\"qtmplayer-play qtmplayer-link-sec qtmplayer-play-btn\"><i class='material-icons'>play_arrow<\/i><\/span>\n\t\t<p>\n\t\t\t<span class=\"qtmplayer-tit\">Virei completa 60 anos de eleva\u00e7\u00e3o \u00e0 categoria de munic\u00edpio<\/span>\n\t\t\t<span class=\"qtmplayer-art\">Ant\u00f3nio Augusto<\/span>\n\t\t<\/p>\n\t<\/li>\n\t\t<\/ul>\n\t<\/div>\t\t\t\n\t\n<p>&nbsp;<\/p>\n","protected":false},"excerpt":{"rendered":"<p>O Munic\u00edpio do Virei, na Prov\u00edncia do Namibe celebrou ontem, s\u00e1bado(13),\u00a0 60 anos desde a sua eleva\u00e7\u00e3o \u00e0 categoria de munic\u00edpio. O administrador municipal aponta a constru\u00e7\u00e3o da estrada Virei\/Mo\u00e7\u00e2medes como uma das maiores preocupa\u00e7\u00f5es daquela administra\u00e7\u00e3o municipal. Andr\u00e9 Cassinda diz mesmo que a constru\u00e7\u00e3o da estrada Virei \u2013 Mo\u00e7\u00e2medes ...<\/p>\n","protected":false},"author":23,"featured_media":201419,"comment_status":"closed","ping_status":"closed","sticky":false,"template":"","format":"standard","meta":[],"categories":[142,121,163],"tags":[],"_links":{"self":[{"href":"https:\/\/rna.ao\/rna.ao\/wp-json\/wp\/v2\/posts\/201415"}],"collection":[{"href":"https:\/\/rna.ao\/rna.ao\/wp-json\/wp\/v2\/posts"}],"about":[{"href":"https:\/\/rna.ao\/rna.ao\/wp-json\/wp\/v2\/types\/post"}],"author":[{"embeddable":true,"href":"https:\/\/rna.ao\/rna.ao\/wp-json\/wp\/v2\/users\/23"}],"replies":[{"embeddable":true,"href":"https:\/\/rna.ao\/rna.ao\/wp-json\/wp\/v2\/comments?post=201415"}],"version-history":[{"count":1,"href":"https:\/\/rna.ao\/rna.ao\/wp-json\/wp\/v2\/posts\/201415\/revisions"}],"predecessor-version":[{"id":201420,"href":"https:\/\/rna.ao\/rna.ao\/wp-json\/wp\/v2\/posts\/201415\/revisions\/201420"}],"wp:featuredmedia":[{"embeddable":true,"href":"https:\/\/rna.ao\/rna.ao\/wp-json\/wp\/v2\/media\/201419"}],"wp:attachment":[{"href":"https:\/\/rna.ao\/rna.ao\/wp-json\/wp\/v2\/media?parent=201415"}],"wp:term":[{"taxonomy":"category","embeddable":true,"href":"https:\/\/rna.ao\/rna.ao\/wp-json\/wp\/v2\/categories?post=201415"},{"taxonomy":"post_tag","embeddable":true,"href":"https:\/\/rna.ao\/rna.ao\/wp-json\/wp\/v2\/tags?post=201415"}],"curies":[{"name":"wp","href":"https:\/\/api.w.org\/{rel}","templated":true}]}}