{"id":201410,"date":"2025-12-14T08:14:47","date_gmt":"2025-12-14T07:14:47","guid":{"rendered":"https:\/\/rna.ao\/rna.ao\/?p=201410"},"modified":"2025-12-14T08:14:47","modified_gmt":"2025-12-14T07:14:47","slug":"joao-lourenco-reafirma-escolha-do-candidato-do-mpla-as-proximas-eleicoes-durante-o-congresso-do-proximo-ano","status":"publish","type":"post","link":"https:\/\/rna.ao\/rna.ao\/2025\/12\/14\/joao-lourenco-reafirma-escolha-do-candidato-do-mpla-as-proximas-eleicoes-durante-o-congresso-do-proximo-ano\/","title":{"rendered":"Jo\u00e3o Louren\u00e7o reafirma escolha do candidato do MPLA as pr\u00f3ximas elei\u00e7\u00f5es durante o Congresso do pr\u00f3ximo ano"},"content":{"rendered":"<p><img loading=\"lazy\" class=\"wp-image-201412 alignleft\" src=\"https:\/\/rna.ao\/rna.ao\/wp-content\/uploads\/2025\/12\/597677561_1440602480966092_5753268907671940512_n-770x513.jpg\" alt=\"\" width=\"404\" height=\"269\" srcset=\"https:\/\/rna.ao\/rna.ao\/wp-content\/uploads\/2025\/12\/597677561_1440602480966092_5753268907671940512_n-770x513.jpg 770w, https:\/\/rna.ao\/rna.ao\/wp-content\/uploads\/2025\/12\/597677561_1440602480966092_5753268907671940512_n-1170x780.jpg 1170w, https:\/\/rna.ao\/rna.ao\/wp-content\/uploads\/2025\/12\/597677561_1440602480966092_5753268907671940512_n-768x512.jpg 768w, https:\/\/rna.ao\/rna.ao\/wp-content\/uploads\/2025\/12\/597677561_1440602480966092_5753268907671940512_n-1536x1024.jpg 1536w, https:\/\/rna.ao\/rna.ao\/wp-content\/uploads\/2025\/12\/597677561_1440602480966092_5753268907671940512_n.jpg 1600w\" sizes=\"(max-width: 404px) 100vw, 404px\" \/>O Presidente do MPLA, Jo\u00e3o Louren\u00e7o, afirmou que o seu partido vai escolher um candidato \u00e1 altura das exig\u00eancias para assumir os destinos do pa\u00eds. Jo\u00e3o Louren\u00e7o, que falava no ato de massas que marcou os 69 anos de exist\u00eancia do MPLA, disse que o candidato do partido s\u00f3 vai ser conhecido no Congresso que acontece no pr\u00f3ximo ano. Segundo Presidente Jo\u00e3o Louren\u00e7o, at\u00e9 l\u00e1, o que existem s\u00e3o inten\u00e7\u00f5es de candidatura, o que \u00e9 normal. Saiba mais dados no \u00e1udio abaixo com a rep\u00f3rter Sany Fuche:<\/p>\n\t<div class=\"qtmplayer-playlist-large\">\n\t\t<ul class=\"qtmplayer-playlist\">\n\t\t\t\n\t\t\t\t\t<li class=\"qtmplayer-trackitem\">\n\t\t<img src=\"https:\/\/rna.ao\/rna.ao\/wp-content\/uploads\/2025\/12\/joao-lourenco-MPLA-1-100x100.jpg\" alt=\"cover\">\t\t<span \t\t\tdata-qtmplayer-cover=\"https:\/\/rna.ao\/rna.ao\/wp-content\/uploads\/2025\/12\/joao-lourenco-MPLA-1.jpg\"\n\t\t\t\t\t\tdata-qtmplayer-file=\"https:\/\/rna.ao\/rna.ao\/wp-content\/uploads\/2025\/12\/SANY-FUCHE-20-HRS-ACTO-DE-MASSAS.mp3\"\n\t\t\t\t\t\tdata-qtmplayer-title=\"Jo\u00e3o Louren\u00e7o reafirma escolha do candidato do MPLA as pr\u00f3ximas elei\u00e7\u00f5es durante o Congresso do pr\u00f3ximo ano\"\n\t\t\t\t\t\tdata-qtmplayer-artist=\"Ant\u00f3nio Augusto\"\n\t\t\t\t\t\tdata-qtmplayer-link=\"https:\/\/rna.ao\/rna.ao\/2025\/12\/14\/joao-lourenco-reafirma-escolha-do-candidato-do-mpla-as-proximas-eleicoes-durante-o-congresso-do-proximo-ano\/\"\n\t\t\t\t\t\tdata-qtmplayer-icon=\"file_download\"\n\t\t\t\t\t\tdata-qtmplayer-type=\"track\"\n\t\t\t class=\"qtmplayer-play qtmplayer-link-sec qtmplayer-play-btn\"><i class='material-icons'>play_arrow<\/i><\/span>\n\t\t<p>\n\t\t\t<span class=\"qtmplayer-tit\">Jo\u00e3o Louren\u00e7o reafirma escolha do candidato do MPLA as pr\u00f3ximas elei\u00e7\u00f5es durante o Congresso do pr\u00f3ximo ano<\/span>\n\t\t\t<span class=\"qtmplayer-art\">Ant\u00f3nio Augusto<\/span>\n\t\t<\/p>\n\t<\/li>\n\t\t<\/ul>\n\t<\/div>\t\t\t\n\t\n","protected":false},"excerpt":{"rendered":"<p>O Presidente do MPLA, Jo\u00e3o Louren\u00e7o, afirmou que o seu partido vai escolher um candidato \u00e1 altura das exig\u00eancias para assumir os destinos do pa\u00eds. Jo\u00e3o Louren\u00e7o, que falava no ato de massas que marcou os 69 anos de exist\u00eancia do MPLA, disse que o candidato do partido s\u00f3 vai ...<\/p>\n","protected":false},"author":23,"featured_media":201413,"comment_status":"closed","ping_status":"closed","sticky":false,"template":"","format":"standard","meta":[],"categories":[142,121,163],"tags":[],"_links":{"self":[{"href":"https:\/\/rna.ao\/rna.ao\/wp-json\/wp\/v2\/posts\/201410"}],"collection":[{"href":"https:\/\/rna.ao\/rna.ao\/wp-json\/wp\/v2\/posts"}],"about":[{"href":"https:\/\/rna.ao\/rna.ao\/wp-json\/wp\/v2\/types\/post"}],"author":[{"embeddable":true,"href":"https:\/\/rna.ao\/rna.ao\/wp-json\/wp\/v2\/users\/23"}],"replies":[{"embeddable":true,"href":"https:\/\/rna.ao\/rna.ao\/wp-json\/wp\/v2\/comments?post=201410"}],"version-history":[{"count":1,"href":"https:\/\/rna.ao\/rna.ao\/wp-json\/wp\/v2\/posts\/201410\/revisions"}],"predecessor-version":[{"id":201414,"href":"https:\/\/rna.ao\/rna.ao\/wp-json\/wp\/v2\/posts\/201410\/revisions\/201414"}],"wp:featuredmedia":[{"embeddable":true,"href":"https:\/\/rna.ao\/rna.ao\/wp-json\/wp\/v2\/media\/201413"}],"wp:attachment":[{"href":"https:\/\/rna.ao\/rna.ao\/wp-json\/wp\/v2\/media?parent=201410"}],"wp:term":[{"taxonomy":"category","embeddable":true,"href":"https:\/\/rna.ao\/rna.ao\/wp-json\/wp\/v2\/categories?post=201410"},{"taxonomy":"post_tag","embeddable":true,"href":"https:\/\/rna.ao\/rna.ao\/wp-json\/wp\/v2\/tags?post=201410"}],"curies":[{"name":"wp","href":"https:\/\/api.w.org\/{rel}","templated":true}]}}