{"id":201382,"date":"2025-12-14T07:34:47","date_gmt":"2025-12-14T06:34:47","guid":{"rendered":"https:\/\/rna.ao\/rna.ao\/?p=201382"},"modified":"2025-12-14T07:34:47","modified_gmt":"2025-12-14T06:34:47","slug":"discursos-chamando-atencao-para-o-respeito-aos-principios-do-olimpismo-marcou-no-estadio-11-de-novembro-cerimonia-oficial-de-abertura-dos-4os-jogos-africanos-da-juventude-de-luanda","status":"publish","type":"post","link":"https:\/\/rna.ao\/rna.ao\/2025\/12\/14\/discursos-chamando-atencao-para-o-respeito-aos-principios-do-olimpismo-marcou-no-estadio-11-de-novembro-cerimonia-oficial-de-abertura-dos-4os-jogos-africanos-da-juventude-de-luanda\/","title":{"rendered":"Discursos chamando aten\u00e7\u00e3o para o respeito aos princ\u00edpios do olimpismo marcou no Est\u00e1dio \u201c11 de Novembro\u201d, cerim\u00f3nia oficial de abertura dos 4\u00bas Jogos Africanos da Juventude de Luanda e Bengo"},"content":{"rendered":"<p style=\"font-weight: 400;\"><img loading=\"lazy\" class=\"size-full wp-image-201387 alignleft\" src=\"https:\/\/rna.ao\/rna.ao\/wp-content\/uploads\/2025\/12\/jogos-da-juventudee.jpg\" alt=\"\" width=\"256\" height=\"320\" \/>Os 4\u00bas Jogos Africanos da Juventude, Angola-2025, que t\u00eam como palco Luanda e Caxito, na prov\u00edncia do Bengo cumpre neste domingo, 14, o 5\u00ba dia de competi\u00e7\u00e3o dos Jogos que v\u00e3o entrando para a sua fase crucial, a exactamente cinco dias do seu final. Ontem, s\u00e1bado(13), aconteceu a cerim\u00f3nia oficial de abertura, que foi caracterizada pelos discursos, o primeiro proferido pelo Vice-Governador da Prov\u00edncia de Luanda, Manuel Gon\u00e7alves que em representa\u00e7\u00e3o do Governador Lu\u00eds Nunes, na qualidade de anfitri\u00e3o dos jogos, desejou boas vindas a todos os participantes.\u00a0Clique no \u00e1udio e ou\u00e7a:<\/p>\n\t<div class=\"qtmplayer-playlist-large\">\n\t\t<ul class=\"qtmplayer-playlist\">\n\t\t\t\n\t\t\t\t\t<li class=\"qtmplayer-trackitem\">\n\t\t<img src=\"https:\/\/rna.ao\/rna.ao\/wp-content\/uploads\/2025\/12\/jogos-da-juventudee-100x100.jpg\" alt=\"cover\">\t\t<span \t\t\tdata-qtmplayer-cover=\"https:\/\/rna.ao\/rna.ao\/wp-content\/uploads\/2025\/12\/jogos-da-juventudee.jpg\"\n\t\t\t\t\t\tdata-qtmplayer-file=\"https:\/\/rna.ao\/rna.ao\/wp-content\/uploads\/2025\/12\/1-MANUEL-GONSALVEZ-13-12-25.mp3\"\n\t\t\t\t\t\tdata-qtmplayer-title=\"Discursos chamando aten\u00e7\u00e3o para o respeito aos princ\u00edpios do olimpismo marcou no Est\u00e1dio \u201c11 de Novembro\u201d, cerim\u00f3nia oficial de abertura dos 4\u00bas Jogos Africanos da Juventude de Luanda e Bengo\"\n\t\t\t\t\t\tdata-qtmplayer-artist=\"Ant\u00f3nio Augusto\"\n\t\t\t\t\t\tdata-qtmplayer-link=\"https:\/\/rna.ao\/rna.ao\/2025\/12\/14\/discursos-chamando-atencao-para-o-respeito-aos-principios-do-olimpismo-marcou-no-estadio-11-de-novembro-cerimonia-oficial-de-abertura-dos-4os-jogos-africanos-da-juventude-de-luanda\/\"\n\t\t\t\t\t\tdata-qtmplayer-icon=\"file_download\"\n\t\t\t\t\t\tdata-qtmplayer-type=\"track\"\n\t\t\t class=\"qtmplayer-play qtmplayer-link-sec qtmplayer-play-btn\"><i class='material-icons'>play_arrow<\/i><\/span>\n\t\t<p>\n\t\t\t<span class=\"qtmplayer-tit\">Discursos chamando aten\u00e7\u00e3o para o respeito aos princ\u00edpios do olimpismo marcou no Est\u00e1dio \u201c11 de Novembro\u201d, cerim\u00f3nia oficial de abertura dos 4\u00bas Jogos Africanos da Juventude de Luanda e Bengo<\/span>\n\t\t\t<span class=\"qtmplayer-art\">Ant\u00f3nio Augusto<\/span>\n\t\t<\/p>\n\t<\/li>\n\t\t<\/ul>\n\t<\/div>\t\t\t\n\t\n<p><img loading=\"lazy\" class=\"size-full wp-image-201388 alignleft\" src=\"https:\/\/rna.ao\/rna.ao\/wp-content\/uploads\/2025\/12\/jogos-da-juventude.jpg\" alt=\"\" width=\"256\" height=\"320\" \/>Seguiu-se o discurso do Presidente da ACNOA, o argelino Mustapha Berraf, que chamou aten\u00e7\u00e3o para a import\u00e2ncia da realiza\u00e7\u00e3o destes jogos em Angola, uma na\u00e7\u00e3o em claro crescimento e desenvolvimento. Clique no \u00e1udio e ou\u00e7a:<\/p>\n\t<div class=\"qtmplayer-playlist-large\">\n\t\t<ul class=\"qtmplayer-playlist\">\n\t\t\t\n\t\t\t\t\t<li class=\"qtmplayer-trackitem\">\n\t\t<img src=\"https:\/\/rna.ao\/rna.ao\/wp-content\/uploads\/2025\/12\/jogos-da-juventudee-100x100.jpg\" alt=\"cover\">\t\t<span \t\t\tdata-qtmplayer-cover=\"https:\/\/rna.ao\/rna.ao\/wp-content\/uploads\/2025\/12\/jogos-da-juventudee.jpg\"\n\t\t\t\t\t\tdata-qtmplayer-file=\"https:\/\/rna.ao\/rna.ao\/wp-content\/uploads\/2025\/12\/2-MUSTAFA-BERRAF-13-12-25.mp3\"\n\t\t\t\t\t\tdata-qtmplayer-title=\"Discursos chamando aten\u00e7\u00e3o para o respeito aos princ\u00edpios do olimpismo marcou no Est\u00e1dio \u201c11 de Novembro\u201d, cerim\u00f3nia oficial de abertura dos 4\u00bas Jogos Africanos da Juventude de Luanda e Bengo\"\n\t\t\t\t\t\tdata-qtmplayer-artist=\"Ant\u00f3nio Augusto\"\n\t\t\t\t\t\tdata-qtmplayer-link=\"https:\/\/rna.ao\/rna.ao\/2025\/12\/14\/discursos-chamando-atencao-para-o-respeito-aos-principios-do-olimpismo-marcou-no-estadio-11-de-novembro-cerimonia-oficial-de-abertura-dos-4os-jogos-africanos-da-juventude-de-luanda\/\"\n\t\t\t\t\t\tdata-qtmplayer-icon=\"file_download\"\n\t\t\t\t\t\tdata-qtmplayer-type=\"track\"\n\t\t\t class=\"qtmplayer-play qtmplayer-link-sec qtmplayer-play-btn\"><i class='material-icons'>play_arrow<\/i><\/span>\n\t\t<p>\n\t\t\t<span class=\"qtmplayer-tit\">Discursos chamando aten\u00e7\u00e3o para o respeito aos princ\u00edpios do olimpismo marcou no Est\u00e1dio \u201c11 de Novembro\u201d, cerim\u00f3nia oficial de abertura dos 4\u00bas Jogos Africanos da Juventude de Luanda e Bengo<\/span>\n\t\t\t<span class=\"qtmplayer-art\">Ant\u00f3nio Augusto<\/span>\n\t\t<\/p>\n\t<\/li>\n\t\t<\/ul>\n\t<\/div>\t\t\t\n\t\n<p>Seguiram-se os Juramentos dos muitos Atletas e distintos \u00c1rbitros, com os jovens a comprometerem-se a competir com Respeito e Fair Play seguindo os princ\u00edpios estabelecidos pelo Olimpismo. Clique no \u00e1udio e ou\u00e7a:<\/p>\n\t<div class=\"qtmplayer-playlist-large\">\n\t\t<ul class=\"qtmplayer-playlist\">\n\t\t\t\n\t\t\t\t\t<li class=\"qtmplayer-trackitem\">\n\t\t<img src=\"https:\/\/rna.ao\/rna.ao\/wp-content\/uploads\/2025\/12\/jogos-da-juventudee-100x100.jpg\" alt=\"cover\">\t\t<span \t\t\tdata-qtmplayer-cover=\"https:\/\/rna.ao\/rna.ao\/wp-content\/uploads\/2025\/12\/jogos-da-juventudee.jpg\"\n\t\t\t\t\t\tdata-qtmplayer-file=\"https:\/\/rna.ao\/rna.ao\/wp-content\/uploads\/2025\/12\/3-COMPRIMISSO-DOS-ATLETAS-13-12-25.mp3\"\n\t\t\t\t\t\tdata-qtmplayer-title=\"Discursos chamando aten\u00e7\u00e3o para o respeito aos princ\u00edpios do olimpismo marcou no Est\u00e1dio \u201c11 de Novembro\u201d, cerim\u00f3nia oficial de abertura dos 4\u00bas Jogos Africanos da Juventude de Luanda e Bengo\"\n\t\t\t\t\t\tdata-qtmplayer-artist=\"Ant\u00f3nio Augusto\"\n\t\t\t\t\t\tdata-qtmplayer-link=\"https:\/\/rna.ao\/rna.ao\/2025\/12\/14\/discursos-chamando-atencao-para-o-respeito-aos-principios-do-olimpismo-marcou-no-estadio-11-de-novembro-cerimonia-oficial-de-abertura-dos-4os-jogos-africanos-da-juventude-de-luanda\/\"\n\t\t\t\t\t\tdata-qtmplayer-icon=\"file_download\"\n\t\t\t\t\t\tdata-qtmplayer-type=\"track\"\n\t\t\t class=\"qtmplayer-play qtmplayer-link-sec qtmplayer-play-btn\"><i class='material-icons'>play_arrow<\/i><\/span>\n\t\t<p>\n\t\t\t<span class=\"qtmplayer-tit\">Discursos chamando aten\u00e7\u00e3o para o respeito aos princ\u00edpios do olimpismo marcou no Est\u00e1dio \u201c11 de Novembro\u201d, cerim\u00f3nia oficial de abertura dos 4\u00bas Jogos Africanos da Juventude de Luanda e Bengo<\/span>\n\t\t\t<span class=\"qtmplayer-art\">Ant\u00f3nio Augusto<\/span>\n\t\t<\/p>\n\t<\/li>\n\t\t<\/ul>\n\t<\/div>\t\t\t\n\t\n<p><img loading=\"lazy\" class=\"size-full wp-image-201389 alignleft\" src=\"https:\/\/rna.ao\/rna.ao\/wp-content\/uploads\/2025\/12\/rui-falcao-1.jpg\" alt=\"\" width=\"256\" height=\"193\" \/>Coube ao Ministro Rui Falc\u00e3o Pinto de Andrade do MINJUD, considerar oficialmente abertos os 4\u00bas Jogos Africanos da Juventude, jogos que s\u00e3o um facto desde o passado dia 10. Clique no \u00e1udio e ou\u00e7a:<\/p>\n\t<div class=\"qtmplayer-playlist-large\">\n\t\t<ul class=\"qtmplayer-playlist\">\n\t\t\t\n\t\t\t\t\t<li class=\"qtmplayer-trackitem\">\n\t\t<img src=\"https:\/\/rna.ao\/rna.ao\/wp-content\/uploads\/2025\/12\/jogos-da-juventudee-100x100.jpg\" alt=\"cover\">\t\t<span \t\t\tdata-qtmplayer-cover=\"https:\/\/rna.ao\/rna.ao\/wp-content\/uploads\/2025\/12\/jogos-da-juventudee.jpg\"\n\t\t\t\t\t\tdata-qtmplayer-file=\"https:\/\/rna.ao\/rna.ao\/wp-content\/uploads\/2025\/12\/4-RUI-FALCAO-13-12-25.mp3\"\n\t\t\t\t\t\tdata-qtmplayer-title=\"Discursos chamando aten\u00e7\u00e3o para o respeito aos princ\u00edpios do olimpismo marcou no Est\u00e1dio \u201c11 de Novembro\u201d, cerim\u00f3nia oficial de abertura dos 4\u00bas Jogos Africanos da Juventude de Luanda e Bengo\"\n\t\t\t\t\t\tdata-qtmplayer-artist=\"Ant\u00f3nio Augusto\"\n\t\t\t\t\t\tdata-qtmplayer-link=\"https:\/\/rna.ao\/rna.ao\/2025\/12\/14\/discursos-chamando-atencao-para-o-respeito-aos-principios-do-olimpismo-marcou-no-estadio-11-de-novembro-cerimonia-oficial-de-abertura-dos-4os-jogos-africanos-da-juventude-de-luanda\/\"\n\t\t\t\t\t\tdata-qtmplayer-icon=\"file_download\"\n\t\t\t\t\t\tdata-qtmplayer-type=\"track\"\n\t\t\t class=\"qtmplayer-play qtmplayer-link-sec qtmplayer-play-btn\"><i class='material-icons'>play_arrow<\/i><\/span>\n\t\t<p>\n\t\t\t<span class=\"qtmplayer-tit\">Discursos chamando aten\u00e7\u00e3o para o respeito aos princ\u00edpios do olimpismo marcou no Est\u00e1dio \u201c11 de Novembro\u201d, cerim\u00f3nia oficial de abertura dos 4\u00bas Jogos Africanos da Juventude de Luanda e Bengo<\/span>\n\t\t\t<span class=\"qtmplayer-art\">Ant\u00f3nio Augusto<\/span>\n\t\t<\/p>\n\t<\/li>\n\t\t<\/ul>\n\t<\/div>\t\t\t\n\t\n","protected":false},"excerpt":{"rendered":"<p>Os 4\u00bas Jogos Africanos da Juventude, Angola-2025, que t\u00eam como palco Luanda e Caxito, na prov\u00edncia do Bengo cumpre neste domingo, 14, o 5\u00ba dia de competi\u00e7\u00e3o dos Jogos que v\u00e3o entrando para a sua fase crucial, a exactamente cinco dias do seu final. Ontem, s\u00e1bado(13), aconteceu a cerim\u00f3nia oficial ...<\/p>\n","protected":false},"author":23,"featured_media":201387,"comment_status":"closed","ping_status":"closed","sticky":false,"template":"","format":"standard","meta":[],"categories":[145,125,164],"tags":[],"_links":{"self":[{"href":"https:\/\/rna.ao\/rna.ao\/wp-json\/wp\/v2\/posts\/201382"}],"collection":[{"href":"https:\/\/rna.ao\/rna.ao\/wp-json\/wp\/v2\/posts"}],"about":[{"href":"https:\/\/rna.ao\/rna.ao\/wp-json\/wp\/v2\/types\/post"}],"author":[{"embeddable":true,"href":"https:\/\/rna.ao\/rna.ao\/wp-json\/wp\/v2\/users\/23"}],"replies":[{"embeddable":true,"href":"https:\/\/rna.ao\/rna.ao\/wp-json\/wp\/v2\/comments?post=201382"}],"version-history":[{"count":1,"href":"https:\/\/rna.ao\/rna.ao\/wp-json\/wp\/v2\/posts\/201382\/revisions"}],"predecessor-version":[{"id":201390,"href":"https:\/\/rna.ao\/rna.ao\/wp-json\/wp\/v2\/posts\/201382\/revisions\/201390"}],"wp:featuredmedia":[{"embeddable":true,"href":"https:\/\/rna.ao\/rna.ao\/wp-json\/wp\/v2\/media\/201387"}],"wp:attachment":[{"href":"https:\/\/rna.ao\/rna.ao\/wp-json\/wp\/v2\/media?parent=201382"}],"wp:term":[{"taxonomy":"category","embeddable":true,"href":"https:\/\/rna.ao\/rna.ao\/wp-json\/wp\/v2\/categories?post=201382"},{"taxonomy":"post_tag","embeddable":true,"href":"https:\/\/rna.ao\/rna.ao\/wp-json\/wp\/v2\/tags?post=201382"}],"curies":[{"name":"wp","href":"https:\/\/api.w.org\/{rel}","templated":true}]}}