{"id":201368,"date":"2025-12-13T09:17:49","date_gmt":"2025-12-13T08:17:49","guid":{"rendered":"https:\/\/rna.ao\/rna.ao\/?p=201368"},"modified":"2025-12-13T09:17:49","modified_gmt":"2025-12-13T08:17:49","slug":"mpla-realiza-hoje-acto-de-massas-na-centralidade-do-kilamba-no-ambito-dos-69-anos-de-fundacao-do-partido","status":"publish","type":"post","link":"https:\/\/rna.ao\/rna.ao\/2025\/12\/13\/mpla-realiza-hoje-acto-de-massas-na-centralidade-do-kilamba-no-ambito-dos-69-anos-de-fundacao-do-partido\/","title":{"rendered":"MPLA realiza hoje acto de massas na centralidade do kilamba no \u00e2mbito dos 69 anos de funda\u00e7\u00e3o do partido"},"content":{"rendered":"<p><img loading=\"lazy\" class=\"size-full wp-image-135043 alignleft\" src=\"https:\/\/rna.ao\/rna.ao\/wp-content\/uploads\/2024\/03\/Esteves-Hilario.jpg\" alt=\"\" width=\"201\" height=\"275\" \/>O MPLA, realiza hoje, s\u00e1bado, 13, na Centralidade do Kilamba, um acto central pol\u00edtico de massas, no \u00e2mbito dos 69 anos de exist\u00eancia do partido. De acordo com Esteves Hil\u00e1rio, Secret\u00e1rio para Informa\u00e7\u00e3o do MPLA, no evento, o Presidente do partido dos camaradas, Jo\u00e3o Louren\u00e7o, vai fazer um discurso dirigido aos militantes sobre as ac\u00e7\u00f5es do partido para os pr\u00f3ximos desafios, e sobre os 50 anos de independ\u00eancia nacional. Clique no \u00e1udio e ou\u00e7a:<\/p>\n\t<div class=\"qtmplayer-playlist-large\">\n\t\t<ul class=\"qtmplayer-playlist\">\n\t\t\t\n\t\t\t\t\t<li class=\"qtmplayer-trackitem\">\n\t\t<img src=\"https:\/\/rna.ao\/rna.ao\/wp-content\/uploads\/2023\/08\/MPLA-marcha-1-100x100.jpg\" alt=\"cover\">\t\t<span \t\t\tdata-qtmplayer-cover=\"https:\/\/rna.ao\/rna.ao\/wp-content\/uploads\/2023\/08\/MPLA-marcha-1.jpg\"\n\t\t\t\t\t\tdata-qtmplayer-file=\"https:\/\/rna.ao\/rna.ao\/wp-content\/uploads\/2025\/12\/ESTEVES-HILARIO-MPLA.mp3\"\n\t\t\t\t\t\tdata-qtmplayer-title=\"MPLA realiza hoje acto de massas na centralidade do kilamba no \u00e2mbito dos 69 anos de funda\u00e7\u00e3o do partido\"\n\t\t\t\t\t\tdata-qtmplayer-artist=\"Ant\u00f3nio Augusto\"\n\t\t\t\t\t\tdata-qtmplayer-link=\"https:\/\/rna.ao\/rna.ao\/2025\/12\/13\/mpla-realiza-hoje-acto-de-massas-na-centralidade-do-kilamba-no-ambito-dos-69-anos-de-fundacao-do-partido\/\"\n\t\t\t\t\t\tdata-qtmplayer-icon=\"file_download\"\n\t\t\t\t\t\tdata-qtmplayer-type=\"track\"\n\t\t\t class=\"qtmplayer-play qtmplayer-link-sec qtmplayer-play-btn\"><i class='material-icons'>play_arrow<\/i><\/span>\n\t\t<p>\n\t\t\t<span class=\"qtmplayer-tit\">MPLA realiza hoje acto de massas na centralidade do kilamba no \u00e2mbito dos 69 anos de funda\u00e7\u00e3o do partido<\/span>\n\t\t\t<span class=\"qtmplayer-art\">Ant\u00f3nio Augusto<\/span>\n\t\t<\/p>\n\t<\/li>\n\t\t<\/ul>\n\t<\/div>\t\t\t\n\t\n<p>&nbsp;<\/p>\n","protected":false},"excerpt":{"rendered":"<p>O MPLA, realiza hoje, s\u00e1bado, 13, na Centralidade do Kilamba, um acto central pol\u00edtico de massas, no \u00e2mbito dos 69 anos de exist\u00eancia do partido. De acordo com Esteves Hil\u00e1rio, Secret\u00e1rio para Informa\u00e7\u00e3o do MPLA, no evento, o Presidente do partido dos camaradas, Jo\u00e3o Louren\u00e7o, vai fazer um discurso dirigido ...<\/p>\n","protected":false},"author":23,"featured_media":111743,"comment_status":"closed","ping_status":"closed","sticky":false,"template":"","format":"standard","meta":[],"categories":[141,133],"tags":[],"_links":{"self":[{"href":"https:\/\/rna.ao\/rna.ao\/wp-json\/wp\/v2\/posts\/201368"}],"collection":[{"href":"https:\/\/rna.ao\/rna.ao\/wp-json\/wp\/v2\/posts"}],"about":[{"href":"https:\/\/rna.ao\/rna.ao\/wp-json\/wp\/v2\/types\/post"}],"author":[{"embeddable":true,"href":"https:\/\/rna.ao\/rna.ao\/wp-json\/wp\/v2\/users\/23"}],"replies":[{"embeddable":true,"href":"https:\/\/rna.ao\/rna.ao\/wp-json\/wp\/v2\/comments?post=201368"}],"version-history":[{"count":1,"href":"https:\/\/rna.ao\/rna.ao\/wp-json\/wp\/v2\/posts\/201368\/revisions"}],"predecessor-version":[{"id":201370,"href":"https:\/\/rna.ao\/rna.ao\/wp-json\/wp\/v2\/posts\/201368\/revisions\/201370"}],"wp:featuredmedia":[{"embeddable":true,"href":"https:\/\/rna.ao\/rna.ao\/wp-json\/wp\/v2\/media\/111743"}],"wp:attachment":[{"href":"https:\/\/rna.ao\/rna.ao\/wp-json\/wp\/v2\/media?parent=201368"}],"wp:term":[{"taxonomy":"category","embeddable":true,"href":"https:\/\/rna.ao\/rna.ao\/wp-json\/wp\/v2\/categories?post=201368"},{"taxonomy":"post_tag","embeddable":true,"href":"https:\/\/rna.ao\/rna.ao\/wp-json\/wp\/v2\/tags?post=201368"}],"curies":[{"name":"wp","href":"https:\/\/api.w.org\/{rel}","templated":true}]}}