{"id":201365,"date":"2025-12-13T09:15:04","date_gmt":"2025-12-13T08:15:04","guid":{"rendered":"https:\/\/rna.ao\/rna.ao\/?p=201365"},"modified":"2025-12-13T09:15:04","modified_gmt":"2025-12-13T08:15:04","slug":"taag-pode-avancar-com-a-venda-dos-seus-avioes-em-mau-estado-tecnico","status":"publish","type":"post","link":"https:\/\/rna.ao\/rna.ao\/2025\/12\/13\/taag-pode-avancar-com-a-venda-dos-seus-avioes-em-mau-estado-tecnico\/","title":{"rendered":"TAAG pode avan\u00e7ar com a venda dos seus avi\u00f5es em mau estado t\u00e9cnico"},"content":{"rendered":"<p><img loading=\"lazy\" class=\"size-full wp-image-118448 aligncenter\" src=\"https:\/\/rna.ao\/rna.ao\/wp-content\/uploads\/2023\/10\/taag.jpg\" alt=\"\" width=\"372\" height=\"213\" srcset=\"https:\/\/rna.ao\/rna.ao\/wp-content\/uploads\/2023\/10\/taag.jpg 372w, https:\/\/rna.ao\/rna.ao\/wp-content\/uploads\/2023\/10\/taag-370x213.jpg 370w\" sizes=\"(max-width: 372px) 100vw, 372px\" \/>A TAAG, pondera vender alguns dos seus avi\u00f5es que se encontram em mau estado t\u00e9cnico processo que abre caminho para a renova\u00e7\u00e3o da sua frota. Nesta altura, a TAAG, est\u00e1 a realizar um levantamento para apurar o n\u00famero de aeronaves que est\u00e3o nesta condi\u00e7\u00e3o. Saiba mais dados no \u00e1udio abaixo com o rep\u00f3rter Fowen Macanja:<\/p>\n\t<div class=\"qtmplayer-playlist-large\">\n\t\t<ul class=\"qtmplayer-playlist\">\n\t\t\t\n\t\t\t\t\t<li class=\"qtmplayer-trackitem\">\n\t\t<img src=\"https:\/\/rna.ao\/rna.ao\/wp-content\/uploads\/2021\/05\/Aviao-TAAG-100x100.jpg\" alt=\"cover\">\t\t<span \t\t\tdata-qtmplayer-cover=\"https:\/\/rna.ao\/rna.ao\/wp-content\/uploads\/2021\/05\/Aviao-TAAG.jpg\"\n\t\t\t\t\t\tdata-qtmplayer-file=\"https:\/\/rna.ao\/rna.ao\/wp-content\/uploads\/2025\/12\/FOWEN-MACANJA-TAAG.mp3\"\n\t\t\t\t\t\tdata-qtmplayer-title=\"TAAG pode avan\u00e7ar com a venda dos seus avi\u00f5es em mau estado t\u00e9cnico\"\n\t\t\t\t\t\tdata-qtmplayer-artist=\"Ant\u00f3nio Augusto\"\n\t\t\t\t\t\tdata-qtmplayer-link=\"https:\/\/rna.ao\/rna.ao\/2025\/12\/13\/taag-pode-avancar-com-a-venda-dos-seus-avioes-em-mau-estado-tecnico\/\"\n\t\t\t\t\t\tdata-qtmplayer-icon=\"file_download\"\n\t\t\t\t\t\tdata-qtmplayer-type=\"track\"\n\t\t\t class=\"qtmplayer-play qtmplayer-link-sec qtmplayer-play-btn\"><i class='material-icons'>play_arrow<\/i><\/span>\n\t\t<p>\n\t\t\t<span class=\"qtmplayer-tit\">TAAG pode avan\u00e7ar com a venda dos seus avi\u00f5es em mau estado t\u00e9cnico<\/span>\n\t\t\t<span class=\"qtmplayer-art\">Ant\u00f3nio Augusto<\/span>\n\t\t<\/p>\n\t<\/li>\n\t\t<\/ul>\n\t<\/div>\t\t\t\n\t\n","protected":false},"excerpt":{"rendered":"<p>A TAAG, pondera vender alguns dos seus avi\u00f5es que se encontram em mau estado t\u00e9cnico processo que abre caminho para a renova\u00e7\u00e3o da sua frota. Nesta altura, a TAAG, est\u00e1 a realizar um levantamento para apurar o n\u00famero de aeronaves que est\u00e3o nesta condi\u00e7\u00e3o. Saiba mais dados no \u00e1udio abaixo ...<\/p>\n","protected":false},"author":23,"featured_media":24655,"comment_status":"closed","ping_status":"closed","sticky":false,"template":"","format":"standard","meta":[],"categories":[142,121,163],"tags":[],"_links":{"self":[{"href":"https:\/\/rna.ao\/rna.ao\/wp-json\/wp\/v2\/posts\/201365"}],"collection":[{"href":"https:\/\/rna.ao\/rna.ao\/wp-json\/wp\/v2\/posts"}],"about":[{"href":"https:\/\/rna.ao\/rna.ao\/wp-json\/wp\/v2\/types\/post"}],"author":[{"embeddable":true,"href":"https:\/\/rna.ao\/rna.ao\/wp-json\/wp\/v2\/users\/23"}],"replies":[{"embeddable":true,"href":"https:\/\/rna.ao\/rna.ao\/wp-json\/wp\/v2\/comments?post=201365"}],"version-history":[{"count":1,"href":"https:\/\/rna.ao\/rna.ao\/wp-json\/wp\/v2\/posts\/201365\/revisions"}],"predecessor-version":[{"id":201367,"href":"https:\/\/rna.ao\/rna.ao\/wp-json\/wp\/v2\/posts\/201365\/revisions\/201367"}],"wp:featuredmedia":[{"embeddable":true,"href":"https:\/\/rna.ao\/rna.ao\/wp-json\/wp\/v2\/media\/24655"}],"wp:attachment":[{"href":"https:\/\/rna.ao\/rna.ao\/wp-json\/wp\/v2\/media?parent=201365"}],"wp:term":[{"taxonomy":"category","embeddable":true,"href":"https:\/\/rna.ao\/rna.ao\/wp-json\/wp\/v2\/categories?post=201365"},{"taxonomy":"post_tag","embeddable":true,"href":"https:\/\/rna.ao\/rna.ao\/wp-json\/wp\/v2\/tags?post=201365"}],"curies":[{"name":"wp","href":"https:\/\/api.w.org\/{rel}","templated":true}]}}