{"id":201357,"date":"2025-12-13T09:06:20","date_gmt":"2025-12-13T08:06:20","guid":{"rendered":"https:\/\/rna.ao\/rna.ao\/?p=201357"},"modified":"2025-12-13T09:06:20","modified_gmt":"2025-12-13T08:06:20","slug":"igreja-catolica-sinaliza-empenho-do-presidente-joao-lourenco-na-construcao-da-basilica-da-muxima","status":"publish","type":"post","link":"https:\/\/rna.ao\/rna.ao\/2025\/12\/13\/igreja-catolica-sinaliza-empenho-do-presidente-joao-lourenco-na-construcao-da-basilica-da-muxima\/","title":{"rendered":"Igreja Cat\u00f3lica sinaliza empenho do presidente Jo\u00e3o Louren\u00e7o na constru\u00e7\u00e3o da Bas\u00edlica da Muxima"},"content":{"rendered":"<p><img loading=\"lazy\" class=\"size-full wp-image-201359 aligncenter\" src=\"https:\/\/rna.ao\/rna.ao\/wp-content\/uploads\/2025\/12\/Presidente-da-Republica-Joao-Lourenco-regressou-hoje-a-vila-da-Muxima.jpg\" alt=\"\" width=\"308\" height=\"243\" \/>A lideran\u00e7a da Igreja Cat\u00f3lica em Angola menciona o compromisso do Presidente da Rep\u00fablica, em ver constru\u00edda a Bas\u00edlica da Muxima, considerada marco da f\u00e9 crist\u00e3 em Angola.\u00a0 O Presidente Jo\u00e3o Louren\u00e7o, constatou na sexta-feira(12), o estado de execu\u00e7\u00e3o das obras da Bas\u00edlica, no \u00e2mbito da requalifica\u00e7\u00e3o da Vila. ara o Padre Queir\u00f3s Figueira, com a visita, fica a demonstra\u00e7\u00e3o da vontade do Estado angolano em dar outro paradigma ao local religioso. J\u00e1 o Governador de Icolo e Bengo, Auzilio Jacob, destaca o desenvolvimento socioecon\u00f3mico e tur\u00edstico da regi\u00e3o em fun\u00e7\u00e3o das obras. Saiba mais dados no \u00e1udio abaixo com o rep\u00f3rter H\u00e9lder Silva:<\/p>\n\t<div class=\"qtmplayer-playlist-large\">\n\t\t<ul class=\"qtmplayer-playlist\">\n\t\t\t\n\t\t\t\t\t<li class=\"qtmplayer-trackitem\">\n\t\t<img src=\"https:\/\/rna.ao\/rna.ao\/wp-content\/uploads\/2025\/12\/Presidente-da-Republica-Joao-Lourenco-regressou-hoje-a-vila-da-Muxima-1-100x100.jpg\" alt=\"cover\">\t\t<span \t\t\tdata-qtmplayer-cover=\"https:\/\/rna.ao\/rna.ao\/wp-content\/uploads\/2025\/12\/Presidente-da-Republica-Joao-Lourenco-regressou-hoje-a-vila-da-Muxima-1.jpg\"\n\t\t\t\t\t\tdata-qtmplayer-file=\"https:\/\/rna.ao\/rna.ao\/wp-content\/uploads\/2025\/12\/HELDER-SILVA-00HRS.mp3\"\n\t\t\t\t\t\tdata-qtmplayer-title=\"Igreja Cat\u00f3lica sinaliza empenho do presidente Jo\u00e3o Louren\u00e7o na constru\u00e7\u00e3o da Bas\u00edlica da Muxima\"\n\t\t\t\t\t\tdata-qtmplayer-artist=\"Ant\u00f3nio Augusto\"\n\t\t\t\t\t\tdata-qtmplayer-link=\"https:\/\/rna.ao\/rna.ao\/2025\/12\/13\/igreja-catolica-sinaliza-empenho-do-presidente-joao-lourenco-na-construcao-da-basilica-da-muxima\/\"\n\t\t\t\t\t\tdata-qtmplayer-icon=\"file_download\"\n\t\t\t\t\t\tdata-qtmplayer-type=\"track\"\n\t\t\t class=\"qtmplayer-play qtmplayer-link-sec qtmplayer-play-btn\"><i class='material-icons'>play_arrow<\/i><\/span>\n\t\t<p>\n\t\t\t<span class=\"qtmplayer-tit\">Igreja Cat\u00f3lica sinaliza empenho do presidente Jo\u00e3o Louren\u00e7o na constru\u00e7\u00e3o da Bas\u00edlica da Muxima<\/span>\n\t\t\t<span class=\"qtmplayer-art\">Ant\u00f3nio Augusto<\/span>\n\t\t<\/p>\n\t<\/li>\n\t\t<\/ul>\n\t<\/div>\t\t\t\n\t\n","protected":false},"excerpt":{"rendered":"<p>A lideran\u00e7a da Igreja Cat\u00f3lica em Angola menciona o compromisso do Presidente da Rep\u00fablica, em ver constru\u00edda a Bas\u00edlica da Muxima, considerada marco da f\u00e9 crist\u00e3 em Angola.\u00a0 O Presidente Jo\u00e3o Louren\u00e7o, constatou na sexta-feira(12), o estado de execu\u00e7\u00e3o das obras da Bas\u00edlica, no \u00e2mbito da requalifica\u00e7\u00e3o da Vila. ara ...<\/p>\n","protected":false},"author":23,"featured_media":201360,"comment_status":"closed","ping_status":"closed","sticky":false,"template":"","format":"standard","meta":[],"categories":[142,121,133,163],"tags":[],"_links":{"self":[{"href":"https:\/\/rna.ao\/rna.ao\/wp-json\/wp\/v2\/posts\/201357"}],"collection":[{"href":"https:\/\/rna.ao\/rna.ao\/wp-json\/wp\/v2\/posts"}],"about":[{"href":"https:\/\/rna.ao\/rna.ao\/wp-json\/wp\/v2\/types\/post"}],"author":[{"embeddable":true,"href":"https:\/\/rna.ao\/rna.ao\/wp-json\/wp\/v2\/users\/23"}],"replies":[{"embeddable":true,"href":"https:\/\/rna.ao\/rna.ao\/wp-json\/wp\/v2\/comments?post=201357"}],"version-history":[{"count":1,"href":"https:\/\/rna.ao\/rna.ao\/wp-json\/wp\/v2\/posts\/201357\/revisions"}],"predecessor-version":[{"id":201361,"href":"https:\/\/rna.ao\/rna.ao\/wp-json\/wp\/v2\/posts\/201357\/revisions\/201361"}],"wp:featuredmedia":[{"embeddable":true,"href":"https:\/\/rna.ao\/rna.ao\/wp-json\/wp\/v2\/media\/201360"}],"wp:attachment":[{"href":"https:\/\/rna.ao\/rna.ao\/wp-json\/wp\/v2\/media?parent=201357"}],"wp:term":[{"taxonomy":"category","embeddable":true,"href":"https:\/\/rna.ao\/rna.ao\/wp-json\/wp\/v2\/categories?post=201357"},{"taxonomy":"post_tag","embeddable":true,"href":"https:\/\/rna.ao\/rna.ao\/wp-json\/wp\/v2\/tags?post=201357"}],"curies":[{"name":"wp","href":"https:\/\/api.w.org\/{rel}","templated":true}]}}