{"id":201350,"date":"2025-12-13T08:56:28","date_gmt":"2025-12-13T07:56:28","guid":{"rendered":"https:\/\/rna.ao\/rna.ao\/?p=201350"},"modified":"2025-12-13T08:56:28","modified_gmt":"2025-12-13T07:56:28","slug":"meloni-convida-presidente-da-autoridade-palestiniana-para-discutir-estabilidade-na-regiao","status":"publish","type":"post","link":"https:\/\/rna.ao\/rna.ao\/2025\/12\/13\/meloni-convida-presidente-da-autoridade-palestiniana-para-discutir-estabilidade-na-regiao\/","title":{"rendered":"Meloni convida presidente da Autoridade Palestiniana para discutir estabilidade na regi\u00e3o"},"content":{"rendered":"<p><img loading=\"lazy\" class=\" wp-image-201351 aligncenter\" src=\"https:\/\/rna.ao\/rna.ao\/wp-content\/uploads\/2025\/12\/Palestiniana-convidado-da-festa-anual-do-partido-da-primeira-ministra-italiana-Giorgia-Melon-770x513.jpg\" alt=\"\" width=\"369\" height=\"246\" srcset=\"https:\/\/rna.ao\/rna.ao\/wp-content\/uploads\/2025\/12\/Palestiniana-convidado-da-festa-anual-do-partido-da-primeira-ministra-italiana-Giorgia-Melon-770x513.jpg 770w, https:\/\/rna.ao\/rna.ao\/wp-content\/uploads\/2025\/12\/Palestiniana-convidado-da-festa-anual-do-partido-da-primeira-ministra-italiana-Giorgia-Melon-768x512.jpg 768w, https:\/\/rna.ao\/rna.ao\/wp-content\/uploads\/2025\/12\/Palestiniana-convidado-da-festa-anual-do-partido-da-primeira-ministra-italiana-Giorgia-Melon.jpg 774w\" sizes=\"(max-width: 369px) 100vw, 369px\" \/>O presidente da Autoridade Palestiniana, convidado da festa anual do partido da primeira-ministra italiana, Giorgia Meloni, insistiu ontem, sexta-feira(12), em Roma que a solu\u00e7\u00e3o de &#8220;dois povos, dois Estados&#8221; \u00e9 a \u00fanica via para a estabilidade na regi\u00e3o. Ao apresentar Abbas, Meloni considerou que a presen\u00e7a do l\u00edder palestiniano &#8220;demonstra o quanto a It\u00e1lia tem sido central e protagonista na dif\u00edcil crise do M\u00e9dio Oriente e o quanto ainda pode ser central e protagonista no dif\u00edcil caminho para a paz com a perspetiva dos dois Estados&#8221;.<\/p>\n<p>\u201cA nossa abordagem \u00e9 a de uma paz est\u00e1vel e duradoura com dois Estados. A Palestina pode manter o quadro de 1967 ao lado de Israel, no respeito m\u00fatuo, que \u00e9 a \u00fanica forma de garantir uma paz permanente na nossa regi\u00e3o. A aus\u00eancia de um Estado palestiniano \u00e9 uma fonte de instabilidade e extremismo que afeta toda a seguran\u00e7a da regi\u00e3o&#8221;, advertiu.<\/p>\n","protected":false},"excerpt":{"rendered":"<p>O presidente da Autoridade Palestiniana, convidado da festa anual do partido da primeira-ministra italiana, Giorgia Meloni, insistiu ontem, sexta-feira(12), em Roma que a solu\u00e7\u00e3o de &#8220;dois povos, dois Estados&#8221; \u00e9 a \u00fanica via para a estabilidade na regi\u00e3o. Ao apresentar Abbas, Meloni considerou que a presen\u00e7a do l\u00edder palestiniano &#8220;demonstra ...<\/p>\n","protected":false},"author":23,"featured_media":201351,"comment_status":"closed","ping_status":"closed","sticky":false,"template":"","format":"standard","meta":[],"categories":[143,137],"tags":[],"_links":{"self":[{"href":"https:\/\/rna.ao\/rna.ao\/wp-json\/wp\/v2\/posts\/201350"}],"collection":[{"href":"https:\/\/rna.ao\/rna.ao\/wp-json\/wp\/v2\/posts"}],"about":[{"href":"https:\/\/rna.ao\/rna.ao\/wp-json\/wp\/v2\/types\/post"}],"author":[{"embeddable":true,"href":"https:\/\/rna.ao\/rna.ao\/wp-json\/wp\/v2\/users\/23"}],"replies":[{"embeddable":true,"href":"https:\/\/rna.ao\/rna.ao\/wp-json\/wp\/v2\/comments?post=201350"}],"version-history":[{"count":1,"href":"https:\/\/rna.ao\/rna.ao\/wp-json\/wp\/v2\/posts\/201350\/revisions"}],"predecessor-version":[{"id":201352,"href":"https:\/\/rna.ao\/rna.ao\/wp-json\/wp\/v2\/posts\/201350\/revisions\/201352"}],"wp:featuredmedia":[{"embeddable":true,"href":"https:\/\/rna.ao\/rna.ao\/wp-json\/wp\/v2\/media\/201351"}],"wp:attachment":[{"href":"https:\/\/rna.ao\/rna.ao\/wp-json\/wp\/v2\/media?parent=201350"}],"wp:term":[{"taxonomy":"category","embeddable":true,"href":"https:\/\/rna.ao\/rna.ao\/wp-json\/wp\/v2\/categories?post=201350"},{"taxonomy":"post_tag","embeddable":true,"href":"https:\/\/rna.ao\/rna.ao\/wp-json\/wp\/v2\/tags?post=201350"}],"curies":[{"name":"wp","href":"https:\/\/api.w.org\/{rel}","templated":true}]}}