{"id":201345,"date":"2025-12-13T08:47:27","date_gmt":"2025-12-13T07:47:27","guid":{"rendered":"https:\/\/rna.ao\/rna.ao\/?p=201345"},"modified":"2025-12-13T08:47:27","modified_gmt":"2025-12-13T07:47:27","slug":"plano-de-paz-apoiado-por-bruxelas-preve-adesao-da-ucrania-a-uniao-europeia-em-2027","status":"publish","type":"post","link":"https:\/\/rna.ao\/rna.ao\/2025\/12\/13\/plano-de-paz-apoiado-por-bruxelas-preve-adesao-da-ucrania-a-uniao-europeia-em-2027\/","title":{"rendered":"Plano de paz apoiado por Bruxelas prev\u00ea ades\u00e3o da Ucr\u00e2nia \u00e0 Uni\u00e3o Europeia em 2027"},"content":{"rendered":"<p><img loading=\"lazy\" class=\"size-full wp-image-13943 alignleft\" src=\"https:\/\/rna.ao\/rna.ao\/wp-content\/uploads\/2020\/12\/Uniao-Europeia.jpg\" alt=\"\" width=\"272\" height=\"185\" \/>A Ucr\u00e2nia poder\u00e1 juntar-se \u00e0 Uni\u00e3o Europeia a 1 de janeiro de 2027, de acordo com uma proposta paz apoiada por Bruxelas. A medida faz parte das negocia\u00e7\u00f5es para p\u00f4r fim \u00e0 guerra com a R\u00fassia. O plano est\u00e1 inclu\u00eddo na \u00faltima vers\u00e3o de uma proposta de paz que autoridades ucranianas e europeias apresentaram a Washington, e surge num momento em que Donald Trump tem vindo a intensificar a press\u00e3o sobre o Presidente ucraniano, Volodymyr Zelensky, para que um acordo de paz entre Kiev e Moscovo seja fechado at\u00e9 ao Natal.<\/p>\n","protected":false},"excerpt":{"rendered":"<p>A Ucr\u00e2nia poder\u00e1 juntar-se \u00e0 Uni\u00e3o Europeia a 1 de janeiro de 2027, de acordo com uma proposta paz apoiada por Bruxelas. A medida faz parte das negocia\u00e7\u00f5es para p\u00f4r fim \u00e0 guerra com a R\u00fassia. O plano est\u00e1 inclu\u00eddo na \u00faltima vers\u00e3o de uma proposta de paz que autoridades ...<\/p>\n","protected":false},"author":23,"featured_media":13943,"comment_status":"closed","ping_status":"closed","sticky":false,"template":"","format":"standard","meta":[],"categories":[143,137],"tags":[],"_links":{"self":[{"href":"https:\/\/rna.ao\/rna.ao\/wp-json\/wp\/v2\/posts\/201345"}],"collection":[{"href":"https:\/\/rna.ao\/rna.ao\/wp-json\/wp\/v2\/posts"}],"about":[{"href":"https:\/\/rna.ao\/rna.ao\/wp-json\/wp\/v2\/types\/post"}],"author":[{"embeddable":true,"href":"https:\/\/rna.ao\/rna.ao\/wp-json\/wp\/v2\/users\/23"}],"replies":[{"embeddable":true,"href":"https:\/\/rna.ao\/rna.ao\/wp-json\/wp\/v2\/comments?post=201345"}],"version-history":[{"count":1,"href":"https:\/\/rna.ao\/rna.ao\/wp-json\/wp\/v2\/posts\/201345\/revisions"}],"predecessor-version":[{"id":201346,"href":"https:\/\/rna.ao\/rna.ao\/wp-json\/wp\/v2\/posts\/201345\/revisions\/201346"}],"wp:featuredmedia":[{"embeddable":true,"href":"https:\/\/rna.ao\/rna.ao\/wp-json\/wp\/v2\/media\/13943"}],"wp:attachment":[{"href":"https:\/\/rna.ao\/rna.ao\/wp-json\/wp\/v2\/media?parent=201345"}],"wp:term":[{"taxonomy":"category","embeddable":true,"href":"https:\/\/rna.ao\/rna.ao\/wp-json\/wp\/v2\/categories?post=201345"},{"taxonomy":"post_tag","embeddable":true,"href":"https:\/\/rna.ao\/rna.ao\/wp-json\/wp\/v2\/tags?post=201345"}],"curies":[{"name":"wp","href":"https:\/\/api.w.org\/{rel}","templated":true}]}}