{"id":200155,"date":"2025-11-30T16:27:30","date_gmt":"2025-11-30T15:27:30","guid":{"rendered":"https:\/\/rna.ao\/rna.ao\/?p=200155"},"modified":"2025-11-30T16:32:37","modified_gmt":"2025-11-30T15:32:37","slug":"morreu-aos-71-anos-antonio-mota-antigo-lider-da-mota-engil","status":"publish","type":"post","link":"https:\/\/rna.ao\/rna.ao\/2025\/11\/30\/morreu-aos-71-anos-antonio-mota-antigo-lider-da-mota-engil\/","title":{"rendered":"Morreu aos 71 anos Ant\u00f3nio Mota, antigo l\u00edder da Mota-Engil"},"content":{"rendered":"<div class=\"item-1 item-1-11 item-odd item-first first CT-html\">\n<p><img loading=\"lazy\" class=\"alignnone size-full wp-image-200156\" src=\"https:\/\/rna.ao\/rna.ao\/wp-content\/uploads\/2025\/11\/IMG_2748.jpeg\" alt=\"\" width=\"640\" height=\"427\" \/>Ant\u00f3nio Mota, que liderou a Mota-Engil entre 1995 e 2023, morreu este domingo aos 71 anos.<\/p>\n<p>A not\u00edcia foi confirmada pela Presid\u00eancia da Rep\u00fablica portuguesa, citada pelo Expresso, que evocou o empres\u00e1rioque h\u00e1 dois anos deixou a presid\u00eancia da construtora fundada pelo seu pai em 1946.<\/p>\n<div class=\"item-7 item-7-11 item-odd CT-html\">\n<p>Ant\u00f3nio Mota come\u00e7ou a trabalhar na empresa em 1976, mas s\u00f3 em 1995 subiu \u00e0 presid\u00eancia da construtora. Licenciado em Engenharia Civil pela Faculdade de Engenharia da Universidade do Porto, na Mota-Engil foi estagi\u00e1rio e passou por v\u00e1rias \u00e1reas do grupo at\u00e9 chegar ao topo.<\/p>\n<p>Em comunicado, a Mota-Engil d\u00e1 nota da morte de Ant\u00f3nio Mota, referindo que a construtora \u201cperde uma figura marcante na sua hist\u00f3ria a quem muito deve o que \u00e9 hoje, um grupo multinacional, reconhecido pela qualidade de Engenharia, e sob uma gest\u00e3o com elevada compromisso com cada cliente e parceiro, em que a palavra bastava para honrar os seus compromissos, numa lideran\u00e7a em muito suportada em valores que a todos transmitiu e a que teremos de saber honrar e dar a devida continuidade\u201d.<\/p>\n<\/div>\n<\/div>\n<div class=\"item-2 item-2-11 item-even CT-html\">\n<p>&nbsp;<\/p>\n<\/div>\n","protected":false},"excerpt":{"rendered":"<p>Ant\u00f3nio Mota, que liderou a Mota-Engil entre 1995 e 2023, morreu este domingo aos 71 anos. A not\u00edcia foi confirmada pela Presid\u00eancia da Rep\u00fablica portuguesa, citada pelo Expresso, que evocou o empres\u00e1rioque h\u00e1 dois anos deixou a presid\u00eancia da construtora fundada pelo seu pai em 1946. Ant\u00f3nio Mota come\u00e7ou a ...<\/p>\n","protected":false},"author":16,"featured_media":200156,"comment_status":"closed","ping_status":"closed","sticky":false,"template":"","format":"standard","meta":[],"categories":[142,121,164],"tags":[],"_links":{"self":[{"href":"https:\/\/rna.ao\/rna.ao\/wp-json\/wp\/v2\/posts\/200155"}],"collection":[{"href":"https:\/\/rna.ao\/rna.ao\/wp-json\/wp\/v2\/posts"}],"about":[{"href":"https:\/\/rna.ao\/rna.ao\/wp-json\/wp\/v2\/types\/post"}],"author":[{"embeddable":true,"href":"https:\/\/rna.ao\/rna.ao\/wp-json\/wp\/v2\/users\/16"}],"replies":[{"embeddable":true,"href":"https:\/\/rna.ao\/rna.ao\/wp-json\/wp\/v2\/comments?post=200155"}],"version-history":[{"count":2,"href":"https:\/\/rna.ao\/rna.ao\/wp-json\/wp\/v2\/posts\/200155\/revisions"}],"predecessor-version":[{"id":200158,"href":"https:\/\/rna.ao\/rna.ao\/wp-json\/wp\/v2\/posts\/200155\/revisions\/200158"}],"wp:featuredmedia":[{"embeddable":true,"href":"https:\/\/rna.ao\/rna.ao\/wp-json\/wp\/v2\/media\/200156"}],"wp:attachment":[{"href":"https:\/\/rna.ao\/rna.ao\/wp-json\/wp\/v2\/media?parent=200155"}],"wp:term":[{"taxonomy":"category","embeddable":true,"href":"https:\/\/rna.ao\/rna.ao\/wp-json\/wp\/v2\/categories?post=200155"},{"taxonomy":"post_tag","embeddable":true,"href":"https:\/\/rna.ao\/rna.ao\/wp-json\/wp\/v2\/tags?post=200155"}],"curies":[{"name":"wp","href":"https:\/\/api.w.org\/{rel}","templated":true}]}}