{"id":200144,"date":"2025-11-30T08:58:55","date_gmt":"2025-11-30T07:58:55","guid":{"rendered":"https:\/\/rna.ao\/rna.ao\/?p=200144"},"modified":"2025-11-30T08:58:55","modified_gmt":"2025-11-30T07:58:55","slug":"embaixador-azevedo-xavier-francisco-reitera-que-angola-e-argentina-trabalham-para-elevar-a-cooperacao-economico-empresarial","status":"publish","type":"post","link":"https:\/\/rna.ao\/rna.ao\/2025\/11\/30\/embaixador-azevedo-xavier-francisco-reitera-que-angola-e-argentina-trabalham-para-elevar-a-cooperacao-economico-empresarial\/","title":{"rendered":"Embaixador Azevedo Xavier Francisco reitera que Angola e Argentina trabalham para elevar a coopera\u00e7\u00e3o econ\u00f3mico-empresarial"},"content":{"rendered":"<p><img loading=\"lazy\" class=\"alignnone size-full wp-image-199977\" src=\"https:\/\/rna.ao\/rna.ao\/wp-content\/uploads\/2025\/11\/IMG_2605.jpeg\" alt=\"\" width=\"404\" height=\"495\" \/>O Governo angolano pretende uma maior presen\u00e7a do sector empresarial argentino no mercado angolano.<\/p>\n<p>Segundo o Embaixador de Angola na Argentina, Azevedo Xavier Francisco, com o s\u00f3lido quadro pol\u00edtico-diplom\u00e1tico j\u00e1 constru\u00eddo, o pr\u00f3ximo passo \u00e9 elevar ao mesmo n\u00edvel a coopera\u00e7\u00e3o econ\u00f3mico-empresarial entre Luanda e Buenos Aires.<\/p>\n<p>O diplomata acrescenta que Angola, apostada em reduzir as importa\u00e7\u00f5es, pretende ver o grande capital econ\u00f3mico e tecnol\u00f3gico da Argentina inserido no mercado nacional. Jornalista Felisbela Wegie. Clique no \u00e1udio e ou\u00e7a:<\/p>\n\t<div class=\"qtmplayer-playlist-large\">\n\t\t<ul class=\"qtmplayer-playlist\">\n\t\t\t\n\t\t\t\t\t<li class=\"qtmplayer-trackitem\">\n\t\t<img src=\"https:\/\/rna.ao\/rna.ao\/wp-content\/uploads\/2025\/11\/IMG_2605-100x100.jpeg\" alt=\"cover\">\t\t<span \t\t\tdata-qtmplayer-cover=\"https:\/\/rna.ao\/rna.ao\/wp-content\/uploads\/2025\/11\/IMG_2605-370x370.jpeg\"\n\t\t\t\t\t\tdata-qtmplayer-file=\"https:\/\/rna.ao\/rna.ao\/wp-content\/uploads\/2025\/11\/FELISBELA-WEGIE-13-HRS-BOOOMMMM.mp3\"\n\t\t\t\t\t\tdata-qtmplayer-title=\"Embaixador Azevedo Xavier Francisco reitera que Angola e Argentina trabalham para elevar a coopera\u00e7\u00e3o econ\u00f3mico-empresarial\"\n\t\t\t\t\t\tdata-qtmplayer-artist=\"Juliana Nunes\"\n\t\t\t\t\t\tdata-qtmplayer-link=\"https:\/\/rna.ao\/rna.ao\/2025\/11\/30\/embaixador-azevedo-xavier-francisco-reitera-que-angola-e-argentina-trabalham-para-elevar-a-cooperacao-economico-empresarial\/\"\n\t\t\t\t\t\tdata-qtmplayer-icon=\"file_download\"\n\t\t\t\t\t\tdata-qtmplayer-type=\"track\"\n\t\t\t class=\"qtmplayer-play qtmplayer-link-sec qtmplayer-play-btn\"><i class='material-icons'>play_arrow<\/i><\/span>\n\t\t<p>\n\t\t\t<span class=\"qtmplayer-tit\">Embaixador Azevedo Xavier Francisco reitera que Angola e Argentina trabalham para elevar a coopera\u00e7\u00e3o econ\u00f3mico-empresarial<\/span>\n\t\t\t<span class=\"qtmplayer-art\">Juliana Nunes<\/span>\n\t\t<\/p>\n\t<\/li>\n\t\t<\/ul>\n\t<\/div>\t\t\t\n\t\n","protected":false},"excerpt":{"rendered":"<p>O Governo angolano pretende uma maior presen\u00e7a do sector empresarial argentino no mercado angolano. Segundo o Embaixador de Angola na Argentina, Azevedo Xavier Francisco, com o s\u00f3lido quadro pol\u00edtico-diplom\u00e1tico j\u00e1 constru\u00eddo, o pr\u00f3ximo passo \u00e9 elevar ao mesmo n\u00edvel a coopera\u00e7\u00e3o econ\u00f3mico-empresarial entre Luanda e Buenos Aires. O diplomata acrescenta ...<\/p>\n","protected":false},"author":16,"featured_media":199977,"comment_status":"closed","ping_status":"closed","sticky":false,"template":"","format":"standard","meta":[],"categories":[142,121,164,163],"tags":[],"_links":{"self":[{"href":"https:\/\/rna.ao\/rna.ao\/wp-json\/wp\/v2\/posts\/200144"}],"collection":[{"href":"https:\/\/rna.ao\/rna.ao\/wp-json\/wp\/v2\/posts"}],"about":[{"href":"https:\/\/rna.ao\/rna.ao\/wp-json\/wp\/v2\/types\/post"}],"author":[{"embeddable":true,"href":"https:\/\/rna.ao\/rna.ao\/wp-json\/wp\/v2\/users\/16"}],"replies":[{"embeddable":true,"href":"https:\/\/rna.ao\/rna.ao\/wp-json\/wp\/v2\/comments?post=200144"}],"version-history":[{"count":1,"href":"https:\/\/rna.ao\/rna.ao\/wp-json\/wp\/v2\/posts\/200144\/revisions"}],"predecessor-version":[{"id":200146,"href":"https:\/\/rna.ao\/rna.ao\/wp-json\/wp\/v2\/posts\/200144\/revisions\/200146"}],"wp:featuredmedia":[{"embeddable":true,"href":"https:\/\/rna.ao\/rna.ao\/wp-json\/wp\/v2\/media\/199977"}],"wp:attachment":[{"href":"https:\/\/rna.ao\/rna.ao\/wp-json\/wp\/v2\/media?parent=200144"}],"wp:term":[{"taxonomy":"category","embeddable":true,"href":"https:\/\/rna.ao\/rna.ao\/wp-json\/wp\/v2\/categories?post=200144"},{"taxonomy":"post_tag","embeddable":true,"href":"https:\/\/rna.ao\/rna.ao\/wp-json\/wp\/v2\/tags?post=200144"}],"curies":[{"name":"wp","href":"https:\/\/api.w.org\/{rel}","templated":true}]}}