{"id":200140,"date":"2025-11-30T08:46:35","date_gmt":"2025-11-30T07:46:35","guid":{"rendered":"https:\/\/rna.ao\/rna.ao\/?p=200140"},"modified":"2025-11-30T08:46:35","modified_gmt":"2025-11-30T07:46:35","slug":"huila-empresarios-desafiados-a-reactivar-fabrica-de-processamento-de-tomate-em-capilongo-paralisada-ha-40-anos","status":"publish","type":"post","link":"https:\/\/rna.ao\/rna.ao\/2025\/11\/30\/huila-empresarios-desafiados-a-reactivar-fabrica-de-processamento-de-tomate-em-capilongo-paralisada-ha-40-anos\/","title":{"rendered":"Hu\u00edla. Empres\u00e1rios desafiados a reactivar f\u00e1brica de processamento de tomate em Capilongo, paralisada h\u00e1 40 anos"},"content":{"rendered":"<p><img loading=\"lazy\" class=\"alignnone size-full wp-image-200142\" src=\"https:\/\/rna.ao\/rna.ao\/wp-content\/uploads\/2025\/11\/2958d4e0-c134-475e-bae2-ed8eff33d8ba.jpeg\" alt=\"\" width=\"587\" height=\"436\" \/>Os empres\u00e1rios est\u00e3o a ser desafiados a reactivar a f\u00e1brica de processamento de tomate do munic\u00edpio de Capilongo, na prov\u00edncia da Hu\u00edla.<\/p>\n<p>O projecto encontra-se paralisado h\u00e1 mais de 40 anos, e as autoridades acreditam que a sua reactiva\u00e7\u00e3o poder\u00e1 reduzir as perdas agr\u00edcolas e transformar a regi\u00e3o num polo de refer\u00eancia agro-alimentar.<\/p>\n<p>Trata-se de um \u201cmonstro adormecido\u201d desde a d\u00e9cada de 1980 que, uma vez reactivado, poder\u00e1 impulsionar de forma significativa o sector agro-alimentar local. Jornalista Andr\u00e9 Lobito.<\/p>\n\t<div class=\"qtmplayer-playlist-large\">\n\t\t<ul class=\"qtmplayer-playlist\">\n\t\t\t\n\t\t\t\t\t<li class=\"qtmplayer-trackitem\">\n\t\t<img src=\"https:\/\/rna.ao\/rna.ao\/wp-content\/uploads\/2025\/11\/2958d4e0-c134-475e-bae2-ed8eff33d8ba-100x100.jpeg\" alt=\"cover\">\t\t<span \t\t\tdata-qtmplayer-cover=\"https:\/\/rna.ao\/rna.ao\/wp-content\/uploads\/2025\/11\/2958d4e0-c134-475e-bae2-ed8eff33d8ba-370x370.jpeg\"\n\t\t\t\t\t\tdata-qtmplayer-file=\"https:\/\/rna.ao\/rna.ao\/wp-content\/uploads\/2025\/11\/HUILA-CAPELONGO-FABRICA-DE-TOMATE-13HRS.mp3\"\n\t\t\t\t\t\tdata-qtmplayer-title=\"Hu\u00edla. Empres\u00e1rios desafiados a reactivar f\u00e1brica de processamento de tomate em Capilongo, paralisada h\u00e1 40 anos\"\n\t\t\t\t\t\tdata-qtmplayer-artist=\"Juliana Nunes\"\n\t\t\t\t\t\tdata-qtmplayer-link=\"https:\/\/rna.ao\/rna.ao\/2025\/11\/30\/huila-empresarios-desafiados-a-reactivar-fabrica-de-processamento-de-tomate-em-capilongo-paralisada-ha-40-anos\/\"\n\t\t\t\t\t\tdata-qtmplayer-icon=\"file_download\"\n\t\t\t\t\t\tdata-qtmplayer-type=\"track\"\n\t\t\t class=\"qtmplayer-play qtmplayer-link-sec qtmplayer-play-btn\"><i class='material-icons'>play_arrow<\/i><\/span>\n\t\t<p>\n\t\t\t<span class=\"qtmplayer-tit\">Hu\u00edla. Empres\u00e1rios desafiados a reactivar f\u00e1brica de processamento de tomate em Capilongo, paralisada h\u00e1 40 anos<\/span>\n\t\t\t<span class=\"qtmplayer-art\">Juliana Nunes<\/span>\n\t\t<\/p>\n\t<\/li>\n\t\t<\/ul>\n\t<\/div>\t\t\t\n\t\n","protected":false},"excerpt":{"rendered":"<p>Os empres\u00e1rios est\u00e3o a ser desafiados a reactivar a f\u00e1brica de processamento de tomate do munic\u00edpio de Capilongo, na prov\u00edncia da Hu\u00edla. O projecto encontra-se paralisado h\u00e1 mais de 40 anos, e as autoridades acreditam que a sua reactiva\u00e7\u00e3o poder\u00e1 reduzir as perdas agr\u00edcolas e transformar a regi\u00e3o num polo ...<\/p>\n","protected":false},"author":16,"featured_media":200142,"comment_status":"closed","ping_status":"closed","sticky":false,"template":"","format":"standard","meta":[],"categories":[142,121,164,163],"tags":[],"_links":{"self":[{"href":"https:\/\/rna.ao\/rna.ao\/wp-json\/wp\/v2\/posts\/200140"}],"collection":[{"href":"https:\/\/rna.ao\/rna.ao\/wp-json\/wp\/v2\/posts"}],"about":[{"href":"https:\/\/rna.ao\/rna.ao\/wp-json\/wp\/v2\/types\/post"}],"author":[{"embeddable":true,"href":"https:\/\/rna.ao\/rna.ao\/wp-json\/wp\/v2\/users\/16"}],"replies":[{"embeddable":true,"href":"https:\/\/rna.ao\/rna.ao\/wp-json\/wp\/v2\/comments?post=200140"}],"version-history":[{"count":1,"href":"https:\/\/rna.ao\/rna.ao\/wp-json\/wp\/v2\/posts\/200140\/revisions"}],"predecessor-version":[{"id":200143,"href":"https:\/\/rna.ao\/rna.ao\/wp-json\/wp\/v2\/posts\/200140\/revisions\/200143"}],"wp:featuredmedia":[{"embeddable":true,"href":"https:\/\/rna.ao\/rna.ao\/wp-json\/wp\/v2\/media\/200142"}],"wp:attachment":[{"href":"https:\/\/rna.ao\/rna.ao\/wp-json\/wp\/v2\/media?parent=200140"}],"wp:term":[{"taxonomy":"category","embeddable":true,"href":"https:\/\/rna.ao\/rna.ao\/wp-json\/wp\/v2\/categories?post=200140"},{"taxonomy":"post_tag","embeddable":true,"href":"https:\/\/rna.ao\/rna.ao\/wp-json\/wp\/v2\/tags?post=200140"}],"curies":[{"name":"wp","href":"https:\/\/api.w.org\/{rel}","templated":true}]}}