{"id":199947,"date":"2025-11-28T11:37:38","date_gmt":"2025-11-28T10:37:38","guid":{"rendered":"https:\/\/rna.ao\/rna.ao\/?p=199947"},"modified":"2025-11-28T11:38:53","modified_gmt":"2025-11-28T10:38:53","slug":"ja-arrancaram-as-obras-de-construcao-e-reabilitacao-da-estrada-viana-calumbo-a-conhecida-estrada-do-cemiterio","status":"publish","type":"post","link":"https:\/\/rna.ao\/rna.ao\/2025\/11\/28\/ja-arrancaram-as-obras-de-construcao-e-reabilitacao-da-estrada-viana-calumbo-a-conhecida-estrada-do-cemiterio\/","title":{"rendered":"J\u00e1 arrancaram as obras de constru\u00e7\u00e3o e reabilita\u00e7\u00e3o da estrada Viana\/Calumbo, a conhecida estrada do cemit\u00e9rio"},"content":{"rendered":"<p><img loading=\"lazy\" class=\"alignnone size-medium wp-image-199948\" src=\"https:\/\/rna.ao\/rna.ao\/wp-content\/uploads\/2025\/11\/IMG_2586-770x451.jpeg\" alt=\"\" width=\"770\" height=\"451\" srcset=\"https:\/\/rna.ao\/rna.ao\/wp-content\/uploads\/2025\/11\/IMG_2586-770x451.jpeg 770w, https:\/\/rna.ao\/rna.ao\/wp-content\/uploads\/2025\/11\/IMG_2586-1170x685.jpeg 1170w, https:\/\/rna.ao\/rna.ao\/wp-content\/uploads\/2025\/11\/IMG_2586-768x450.jpeg 768w, https:\/\/rna.ao\/rna.ao\/wp-content\/uploads\/2025\/11\/IMG_2586.jpeg 1440w\" sizes=\"(max-width: 770px) 100vw, 770px\" \/>A popula\u00e7\u00e3o dos munic\u00edpios de Viana e Belas poder\u00e1, em breve, notar mudan\u00e7as significativas na mobilidade e no acesso aos servi\u00e7os, com o arranque formal das obras de constru\u00e7\u00e3o e reabilita\u00e7\u00e3o da estrada Viana\/Calumbo, tamb\u00e9m conhecida como estrada do cemit\u00e9rio.<\/p>\n<p>A interven\u00e7\u00e3o, a cargo da empresa Mota Engil e avaliada em mais de 25 mil milh\u00f5es de kwanzas, promete reduzir a press\u00e3o sobre o tr\u00e2nsito, melhorar a organiza\u00e7\u00e3o municipal e impulsionar a actividade econ\u00f3mica nas zonas envolventes. Jornalista Polaco Pedro. Clique no \u00e1udio e ou\u00e7a:<\/p>\n\t<div class=\"qtmplayer-playlist-large\">\n\t\t<ul class=\"qtmplayer-playlist\">\n\t\t\t\n\t\t\t\t\t<li class=\"qtmplayer-trackitem\">\n\t\t<img src=\"https:\/\/rna.ao\/rna.ao\/wp-content\/uploads\/2025\/11\/IMG_2587-100x100.jpeg\" alt=\"cover\">\t\t<span \t\t\tdata-qtmplayer-cover=\"https:\/\/rna.ao\/rna.ao\/wp-content\/uploads\/2025\/11\/IMG_2587-370x370.jpeg\"\n\t\t\t\t\t\tdata-qtmplayer-file=\"https:\/\/rna.ao\/rna.ao\/wp-content\/uploads\/2025\/11\/POLACO-PEDRO-BOM-07-HRS.mp3\"\n\t\t\t\t\t\tdata-qtmplayer-title=\"J\u00e1 arrancaram as obras de constru\u00e7\u00e3o e reabilita\u00e7\u00e3o da estrada Viana\/Calumbo, a conhecida estrada do cemit\u00e9rio\"\n\t\t\t\t\t\tdata-qtmplayer-artist=\"Juliana Nunes\"\n\t\t\t\t\t\tdata-qtmplayer-link=\"https:\/\/rna.ao\/rna.ao\/2025\/11\/28\/ja-arrancaram-as-obras-de-construcao-e-reabilitacao-da-estrada-viana-calumbo-a-conhecida-estrada-do-cemiterio\/\"\n\t\t\t\t\t\tdata-qtmplayer-icon=\"file_download\"\n\t\t\t\t\t\tdata-qtmplayer-type=\"track\"\n\t\t\t class=\"qtmplayer-play qtmplayer-link-sec qtmplayer-play-btn\"><i class='material-icons'>play_arrow<\/i><\/span>\n\t\t<p>\n\t\t\t<span class=\"qtmplayer-tit\">J\u00e1 arrancaram as obras de constru\u00e7\u00e3o e reabilita\u00e7\u00e3o da estrada Viana\/Calumbo, a conhecida estrada do cemit\u00e9rio<\/span>\n\t\t\t<span class=\"qtmplayer-art\">Juliana Nunes<\/span>\n\t\t<\/p>\n\t<\/li>\n\t\t<\/ul>\n\t<\/div>\t\t\t\n\t\n<p><img loading=\"lazy\" class=\"alignnone size-medium wp-image-199949\" src=\"https:\/\/rna.ao\/rna.ao\/wp-content\/uploads\/2025\/11\/IMG_2588-770x447.jpeg\" alt=\"\" width=\"770\" height=\"447\" srcset=\"https:\/\/rna.ao\/rna.ao\/wp-content\/uploads\/2025\/11\/IMG_2588-770x447.jpeg 770w, https:\/\/rna.ao\/rna.ao\/wp-content\/uploads\/2025\/11\/IMG_2588-1170x679.jpeg 1170w, https:\/\/rna.ao\/rna.ao\/wp-content\/uploads\/2025\/11\/IMG_2588-768x446.jpeg 768w, https:\/\/rna.ao\/rna.ao\/wp-content\/uploads\/2025\/11\/IMG_2588.jpeg 1440w\" sizes=\"(max-width: 770px) 100vw, 770px\" \/><\/p>\n","protected":false},"excerpt":{"rendered":"<p>A popula\u00e7\u00e3o dos munic\u00edpios de Viana e Belas poder\u00e1, em breve, notar mudan\u00e7as significativas na mobilidade e no acesso aos servi\u00e7os, com o arranque formal das obras de constru\u00e7\u00e3o e reabilita\u00e7\u00e3o da estrada Viana\/Calumbo, tamb\u00e9m conhecida como estrada do cemit\u00e9rio. A interven\u00e7\u00e3o, a cargo da empresa Mota Engil e avaliada ...<\/p>\n","protected":false},"author":16,"featured_media":199950,"comment_status":"closed","ping_status":"closed","sticky":false,"template":"","format":"standard","meta":[],"categories":[141,133,164,163],"tags":[],"_links":{"self":[{"href":"https:\/\/rna.ao\/rna.ao\/wp-json\/wp\/v2\/posts\/199947"}],"collection":[{"href":"https:\/\/rna.ao\/rna.ao\/wp-json\/wp\/v2\/posts"}],"about":[{"href":"https:\/\/rna.ao\/rna.ao\/wp-json\/wp\/v2\/types\/post"}],"author":[{"embeddable":true,"href":"https:\/\/rna.ao\/rna.ao\/wp-json\/wp\/v2\/users\/16"}],"replies":[{"embeddable":true,"href":"https:\/\/rna.ao\/rna.ao\/wp-json\/wp\/v2\/comments?post=199947"}],"version-history":[{"count":2,"href":"https:\/\/rna.ao\/rna.ao\/wp-json\/wp\/v2\/posts\/199947\/revisions"}],"predecessor-version":[{"id":199953,"href":"https:\/\/rna.ao\/rna.ao\/wp-json\/wp\/v2\/posts\/199947\/revisions\/199953"}],"wp:featuredmedia":[{"embeddable":true,"href":"https:\/\/rna.ao\/rna.ao\/wp-json\/wp\/v2\/media\/199950"}],"wp:attachment":[{"href":"https:\/\/rna.ao\/rna.ao\/wp-json\/wp\/v2\/media?parent=199947"}],"wp:term":[{"taxonomy":"category","embeddable":true,"href":"https:\/\/rna.ao\/rna.ao\/wp-json\/wp\/v2\/categories?post=199947"},{"taxonomy":"post_tag","embeddable":true,"href":"https:\/\/rna.ao\/rna.ao\/wp-json\/wp\/v2\/tags?post=199947"}],"curies":[{"name":"wp","href":"https:\/\/api.w.org\/{rel}","templated":true}]}}