{"id":199791,"date":"2025-11-27T07:59:08","date_gmt":"2025-11-27T06:59:08","guid":{"rendered":"https:\/\/rna.ao\/rna.ao\/?p=199791"},"modified":"2025-11-27T07:59:08","modified_gmt":"2025-11-27T06:59:08","slug":"conselho-de-ministros-aprova-proposta-de-lei-do-regime-juridico-do-beneficiario-efectivo","status":"publish","type":"post","link":"https:\/\/rna.ao\/rna.ao\/2025\/11\/27\/conselho-de-ministros-aprova-proposta-de-lei-do-regime-juridico-do-beneficiario-efectivo\/","title":{"rendered":"Conselho de Ministros aprova proposta de lei do regime jur\u00eddico do benefici\u00e1rio efectivo"},"content":{"rendered":"<p><img loading=\"lazy\" class=\"size-full wp-image-199793 alignleft\" src=\"https:\/\/rna.ao\/rna.ao\/wp-content\/uploads\/2025\/11\/conselho-de-ministros-actual.jpg\" alt=\"\" width=\"329\" height=\"248\" \/>Aprovada nesta quarta \u2013 feira a proposta de lei do regime jur\u00eddico do benefici\u00e1rio efectivo tendo em vista o refor\u00e7o da transpar\u00eancia e robustez do sector financeiro angolano com os olhos postos na pr\u00f3xima avalia\u00e7\u00e3o do Grupo de Ac\u00e7\u00e3o Financeira Internacional, GAFI. O Ministro da Justi\u00e7a e dos Direitos Humanos, Marcy Lopes, disse que o diploma que vai agora para a discuss\u00e3o e aprova\u00e7\u00e3o na Assembleia Nacional, vai suprir as inconformidades de natureza legal e operacional inseridas no conjunto das recomenda\u00e7\u00f5es feitas pelo GAFI. Clique no \u00e1udio e ou\u00e7a:<\/p>\n\t<div class=\"qtmplayer-playlist-large\">\n\t\t<ul class=\"qtmplayer-playlist\">\n\t\t\t\n\t\t\t\t\t<li class=\"qtmplayer-trackitem\">\n\t\t<img src=\"https:\/\/rna.ao\/rna.ao\/wp-content\/uploads\/2025\/11\/conselho-de-ministros-actuall-100x100.jpg\" alt=\"cover\">\t\t<span \t\t\tdata-qtmplayer-cover=\"https:\/\/rna.ao\/rna.ao\/wp-content\/uploads\/2025\/11\/conselho-de-ministros-actuall.jpg\"\n\t\t\t\t\t\tdata-qtmplayer-file=\"https:\/\/rna.ao\/rna.ao\/wp-content\/uploads\/2025\/11\/MARCY-LOPES-1-00HRS.mp3\"\n\t\t\t\t\t\tdata-qtmplayer-title=\"Conselho de Ministros aprova proposta de lei do regime jur\u00eddico do benefici\u00e1rio efectivo\"\n\t\t\t\t\t\tdata-qtmplayer-artist=\"Ant\u00f3nio Augusto\"\n\t\t\t\t\t\tdata-qtmplayer-link=\"https:\/\/rna.ao\/rna.ao\/2025\/11\/27\/conselho-de-ministros-aprova-proposta-de-lei-do-regime-juridico-do-beneficiario-efectivo\/\"\n\t\t\t\t\t\tdata-qtmplayer-icon=\"file_download\"\n\t\t\t\t\t\tdata-qtmplayer-type=\"track\"\n\t\t\t class=\"qtmplayer-play qtmplayer-link-sec qtmplayer-play-btn\"><i class='material-icons'>play_arrow<\/i><\/span>\n\t\t<p>\n\t\t\t<span class=\"qtmplayer-tit\">Conselho de Ministros aprova proposta de lei do regime jur\u00eddico do benefici\u00e1rio efectivo<\/span>\n\t\t\t<span class=\"qtmplayer-art\">Ant\u00f3nio Augusto<\/span>\n\t\t<\/p>\n\t<\/li>\n\t\t<\/ul>\n\t<\/div>\t\t\t\n\t\n","protected":false},"excerpt":{"rendered":"<p>Aprovada nesta quarta \u2013 feira a proposta de lei do regime jur\u00eddico do benefici\u00e1rio efectivo tendo em vista o refor\u00e7o da transpar\u00eancia e robustez do sector financeiro angolano com os olhos postos na pr\u00f3xima avalia\u00e7\u00e3o do Grupo de Ac\u00e7\u00e3o Financeira Internacional, GAFI. O Ministro da Justi\u00e7a e dos Direitos Humanos, ...<\/p>\n","protected":false},"author":23,"featured_media":199794,"comment_status":"closed","ping_status":"closed","sticky":false,"template":"","format":"standard","meta":[],"categories":[142,121,163],"tags":[],"_links":{"self":[{"href":"https:\/\/rna.ao\/rna.ao\/wp-json\/wp\/v2\/posts\/199791"}],"collection":[{"href":"https:\/\/rna.ao\/rna.ao\/wp-json\/wp\/v2\/posts"}],"about":[{"href":"https:\/\/rna.ao\/rna.ao\/wp-json\/wp\/v2\/types\/post"}],"author":[{"embeddable":true,"href":"https:\/\/rna.ao\/rna.ao\/wp-json\/wp\/v2\/users\/23"}],"replies":[{"embeddable":true,"href":"https:\/\/rna.ao\/rna.ao\/wp-json\/wp\/v2\/comments?post=199791"}],"version-history":[{"count":1,"href":"https:\/\/rna.ao\/rna.ao\/wp-json\/wp\/v2\/posts\/199791\/revisions"}],"predecessor-version":[{"id":199795,"href":"https:\/\/rna.ao\/rna.ao\/wp-json\/wp\/v2\/posts\/199791\/revisions\/199795"}],"wp:featuredmedia":[{"embeddable":true,"href":"https:\/\/rna.ao\/rna.ao\/wp-json\/wp\/v2\/media\/199794"}],"wp:attachment":[{"href":"https:\/\/rna.ao\/rna.ao\/wp-json\/wp\/v2\/media?parent=199791"}],"wp:term":[{"taxonomy":"category","embeddable":true,"href":"https:\/\/rna.ao\/rna.ao\/wp-json\/wp\/v2\/categories?post=199791"},{"taxonomy":"post_tag","embeddable":true,"href":"https:\/\/rna.ao\/rna.ao\/wp-json\/wp\/v2\/tags?post=199791"}],"curies":[{"name":"wp","href":"https:\/\/api.w.org\/{rel}","templated":true}]}}