{"id":199744,"date":"2025-11-27T06:43:35","date_gmt":"2025-11-27T05:43:35","guid":{"rendered":"https:\/\/rna.ao\/rna.ao\/?p=199744"},"modified":"2025-11-27T07:04:18","modified_gmt":"2025-11-27T06:04:18","slug":"presidente-da-republica-inaugura-hoje-na-cidade-do-soyo-fabrica-de-tratamento-e-processamento-de-gas","status":"publish","type":"post","link":"https:\/\/rna.ao\/rna.ao\/2025\/11\/27\/presidente-da-republica-inaugura-hoje-na-cidade-do-soyo-fabrica-de-tratamento-e-processamento-de-gas\/","title":{"rendered":"Presidente da Rep\u00fablica inaugura hoje na cidade do Soyo f\u00e1brica de tratamento e processamento de g\u00e1s"},"content":{"rendered":"<p><img loading=\"lazy\" class=\"size-full wp-image-199748 aligncenter\" src=\"https:\/\/rna.ao\/rna.ao\/wp-content\/uploads\/2025\/11\/fabrica-de-tratamento-e-processamento-de-gas-de-Cozinha.png\" alt=\"\" width=\"560\" height=\"250\" \/>A cidade do Soyo, na prov\u00edncia do Zaire, ganha hoje, quinta-feira, 27, uma f\u00e1brica de tratamento e processamento de g\u00e1s de Cozinha. O empreendimento, vai ser inaugurado pelo Presidente da Rep\u00fablica, Jo\u00e3o Louren\u00e7o. O projecto cujas val\u00eancias foram j\u00e1 destacadas pelo governador provincial Adriano Mendes de Carvalho, tem uma capacidade de produ\u00e7\u00e3o de quatrocentos milh\u00f5es de p\u00e9s c\u00fabicos de g\u00e1s n\u00e3o associado. Adriano Mendes Carvalho d\u00e1 realce ao seu impacto na economia angolana. Saiba mais dados no \u00e1udio abaixo com o rep\u00f3rter Alberto Segunda:<\/p>\n\t<div class=\"qtmplayer-playlist-large\">\n\t\t<ul class=\"qtmplayer-playlist\">\n\t\t\t\n\t\t\t\t\t<li class=\"qtmplayer-trackitem\">\n\t\t<img src=\"https:\/\/rna.ao\/rna.ao\/wp-content\/uploads\/2025\/11\/fabrica-de-tratamento-e-processamento-de-gas-de-Cozinha-100x100.png\" alt=\"cover\">\t\t<span \t\t\tdata-qtmplayer-cover=\"https:\/\/rna.ao\/rna.ao\/wp-content\/uploads\/2025\/11\/fabrica-de-tratamento-e-processamento-de-gas-de-Cozinha.png\"\n\t\t\t\t\t\tdata-qtmplayer-file=\"https:\/\/rna.ao\/rna.ao\/wp-content\/uploads\/2025\/11\/SOYO-FABRICA-DE-GAS-07-HRS.mp3\"\n\t\t\t\t\t\tdata-qtmplayer-title=\"Presidente da Rep\u00fablica inaugura hoje na cidade do Soyo f\u00e1brica de tratamento e processamento de g\u00e1s\"\n\t\t\t\t\t\tdata-qtmplayer-artist=\"Ant\u00f3nio Augusto\"\n\t\t\t\t\t\tdata-qtmplayer-link=\"https:\/\/rna.ao\/rna.ao\/2025\/11\/27\/presidente-da-republica-inaugura-hoje-na-cidade-do-soyo-fabrica-de-tratamento-e-processamento-de-gas\/\"\n\t\t\t\t\t\tdata-qtmplayer-icon=\"file_download\"\n\t\t\t\t\t\tdata-qtmplayer-type=\"track\"\n\t\t\t class=\"qtmplayer-play qtmplayer-link-sec qtmplayer-play-btn\"><i class='material-icons'>play_arrow<\/i><\/span>\n\t\t<p>\n\t\t\t<span class=\"qtmplayer-tit\">Presidente da Rep\u00fablica inaugura hoje na cidade do Soyo f\u00e1brica de tratamento e processamento de g\u00e1s<\/span>\n\t\t\t<span class=\"qtmplayer-art\">Ant\u00f3nio Augusto<\/span>\n\t\t<\/p>\n\t<\/li>\n\t\t<\/ul>\n\t<\/div>\t\t\t\n\t\n","protected":false},"excerpt":{"rendered":"<p>A cidade do Soyo, na prov\u00edncia do Zaire, ganha hoje, quinta-feira, 27, uma f\u00e1brica de tratamento e processamento de g\u00e1s de Cozinha. O empreendimento, vai ser inaugurado pelo Presidente da Rep\u00fablica, Jo\u00e3o Louren\u00e7o. O projecto cujas val\u00eancias foram j\u00e1 destacadas pelo governador provincial Adriano Mendes de Carvalho, tem uma capacidade ...<\/p>\n","protected":false},"author":23,"featured_media":199748,"comment_status":"closed","ping_status":"closed","sticky":false,"template":"","format":"standard","meta":[],"categories":[142,121,164,163],"tags":[],"_links":{"self":[{"href":"https:\/\/rna.ao\/rna.ao\/wp-json\/wp\/v2\/posts\/199744"}],"collection":[{"href":"https:\/\/rna.ao\/rna.ao\/wp-json\/wp\/v2\/posts"}],"about":[{"href":"https:\/\/rna.ao\/rna.ao\/wp-json\/wp\/v2\/types\/post"}],"author":[{"embeddable":true,"href":"https:\/\/rna.ao\/rna.ao\/wp-json\/wp\/v2\/users\/23"}],"replies":[{"embeddable":true,"href":"https:\/\/rna.ao\/rna.ao\/wp-json\/wp\/v2\/comments?post=199744"}],"version-history":[{"count":3,"href":"https:\/\/rna.ao\/rna.ao\/wp-json\/wp\/v2\/posts\/199744\/revisions"}],"predecessor-version":[{"id":199763,"href":"https:\/\/rna.ao\/rna.ao\/wp-json\/wp\/v2\/posts\/199744\/revisions\/199763"}],"wp:featuredmedia":[{"embeddable":true,"href":"https:\/\/rna.ao\/rna.ao\/wp-json\/wp\/v2\/media\/199748"}],"wp:attachment":[{"href":"https:\/\/rna.ao\/rna.ao\/wp-json\/wp\/v2\/media?parent=199744"}],"wp:term":[{"taxonomy":"category","embeddable":true,"href":"https:\/\/rna.ao\/rna.ao\/wp-json\/wp\/v2\/categories?post=199744"},{"taxonomy":"post_tag","embeddable":true,"href":"https:\/\/rna.ao\/rna.ao\/wp-json\/wp\/v2\/tags?post=199744"}],"curies":[{"name":"wp","href":"https:\/\/api.w.org\/{rel}","templated":true}]}}