{"id":199740,"date":"2025-11-26T22:40:24","date_gmt":"2025-11-26T21:40:24","guid":{"rendered":"https:\/\/rna.ao\/rna.ao\/?p=199740"},"modified":"2025-11-26T22:40:24","modified_gmt":"2025-11-26T21:40:24","slug":"incendio-num-complexo-residencial-em-hong-kong-provoca-36-mortos","status":"publish","type":"post","link":"https:\/\/rna.ao\/rna.ao\/2025\/11\/26\/incendio-num-complexo-residencial-em-hong-kong-provoca-36-mortos\/","title":{"rendered":"Inc\u00eandio num complexo residencial em Hong Kong provoca 36 mortos"},"content":{"rendered":"<p><img loading=\"lazy\" class=\"alignnone size-medium wp-image-199741\" src=\"https:\/\/rna.ao\/rna.ao\/wp-content\/uploads\/2025\/11\/24378c20-f194-49d8-92bb-57d0d6ef17d9-770x513.jpeg\" alt=\"\" width=\"770\" height=\"513\" srcset=\"https:\/\/rna.ao\/rna.ao\/wp-content\/uploads\/2025\/11\/24378c20-f194-49d8-92bb-57d0d6ef17d9-770x513.jpeg 770w, https:\/\/rna.ao\/rna.ao\/wp-content\/uploads\/2025\/11\/24378c20-f194-49d8-92bb-57d0d6ef17d9-1170x780.jpeg 1170w, https:\/\/rna.ao\/rna.ao\/wp-content\/uploads\/2025\/11\/24378c20-f194-49d8-92bb-57d0d6ef17d9-768x512.jpeg 768w, https:\/\/rna.ao\/rna.ao\/wp-content\/uploads\/2025\/11\/24378c20-f194-49d8-92bb-57d0d6ef17d9-1536x1024.jpeg 1536w, https:\/\/rna.ao\/rna.ao\/wp-content\/uploads\/2025\/11\/24378c20-f194-49d8-92bb-57d0d6ef17d9.jpeg 1600w\" sizes=\"(max-width: 770px) 100vw, 770px\" \/>Pelo menos 36 pessoas, entre as quais um bombeiro, morreram na sequ\u00eancia de um inc\u00eandio de grandes propor\u00e7\u00f5es que consumiu v\u00e1rias torres de um complexo residencial no distrito de Tai Po, no Norte de Hong Kong, nesta quarta-feira.<\/p>\n<p>Um novo balan\u00e7o do chefe do executivo daquela regi\u00e3o administrativa especial chinesa aponta para um total de 279 pessoas incontact\u00e1veis.<\/p>\n<p>Foi aberta uma investiga\u00e7\u00e3o para apurar a origem do fogo. Poucas horas depois, foram detidos tr\u00eas suspeitos, avan\u00e7a a Radio Television Hong Kong (RTHK). John Lee Ka-chiu, l\u00edder do Governo , adiantou tamb\u00e9m que 29 pessoas est\u00e3o a receber cuidados hospitalares.<\/p>\n<p>Antes das informa\u00e7\u00f5es prestadas pelo l\u00edder governamental, o South Morning Post confirmava a exist\u00eancia de pelo menos 15 feridos graves.<\/p>\n<p>O Presidente chin\u00eas, Xi Jinping, j\u00e1 enviou as suas condol\u00eancias \u00e0s v\u00edtimas do inc\u00eandio, de acordo com a emissora estatal CCTV, e Xi exigiu que fossem envidados todos os esfor\u00e7os para extinguir o inc\u00eandio e minimizar o n\u00famero de v\u00edtimas e os preju\u00edzos causados pelas chamas.<\/p>\n<p>&nbsp;<\/p>\n<p>&nbsp;<\/p>\n<p>Fonte: P\u00fablico<\/p>\n","protected":false},"excerpt":{"rendered":"<p>Pelo menos 36 pessoas, entre as quais um bombeiro, morreram na sequ\u00eancia de um inc\u00eandio de grandes propor\u00e7\u00f5es que consumiu v\u00e1rias torres de um complexo residencial no distrito de Tai Po, no Norte de Hong Kong, nesta quarta-feira. Um novo balan\u00e7o do chefe do executivo daquela regi\u00e3o administrativa especial chinesa ...<\/p>\n","protected":false},"author":16,"featured_media":199741,"comment_status":"closed","ping_status":"closed","sticky":false,"template":"","format":"standard","meta":[],"categories":[143,137,164,163,1],"tags":[],"_links":{"self":[{"href":"https:\/\/rna.ao\/rna.ao\/wp-json\/wp\/v2\/posts\/199740"}],"collection":[{"href":"https:\/\/rna.ao\/rna.ao\/wp-json\/wp\/v2\/posts"}],"about":[{"href":"https:\/\/rna.ao\/rna.ao\/wp-json\/wp\/v2\/types\/post"}],"author":[{"embeddable":true,"href":"https:\/\/rna.ao\/rna.ao\/wp-json\/wp\/v2\/users\/16"}],"replies":[{"embeddable":true,"href":"https:\/\/rna.ao\/rna.ao\/wp-json\/wp\/v2\/comments?post=199740"}],"version-history":[{"count":1,"href":"https:\/\/rna.ao\/rna.ao\/wp-json\/wp\/v2\/posts\/199740\/revisions"}],"predecessor-version":[{"id":199742,"href":"https:\/\/rna.ao\/rna.ao\/wp-json\/wp\/v2\/posts\/199740\/revisions\/199742"}],"wp:featuredmedia":[{"embeddable":true,"href":"https:\/\/rna.ao\/rna.ao\/wp-json\/wp\/v2\/media\/199741"}],"wp:attachment":[{"href":"https:\/\/rna.ao\/rna.ao\/wp-json\/wp\/v2\/media?parent=199740"}],"wp:term":[{"taxonomy":"category","embeddable":true,"href":"https:\/\/rna.ao\/rna.ao\/wp-json\/wp\/v2\/categories?post=199740"},{"taxonomy":"post_tag","embeddable":true,"href":"https:\/\/rna.ao\/rna.ao\/wp-json\/wp\/v2\/tags?post=199740"}],"curies":[{"name":"wp","href":"https:\/\/api.w.org\/{rel}","templated":true}]}}