{"id":199725,"date":"2025-11-26T20:48:20","date_gmt":"2025-11-26T19:48:20","guid":{"rendered":"https:\/\/rna.ao\/rna.ao\/?p=199725"},"modified":"2025-11-26T20:48:20","modified_gmt":"2025-11-26T19:48:20","slug":"apresentados-quatro-jovens-supostamente-implicados-na-morte-do-funcionario-da-radio-nacional-de-angola","status":"publish","type":"post","link":"https:\/\/rna.ao\/rna.ao\/2025\/11\/26\/apresentados-quatro-jovens-supostamente-implicados-na-morte-do-funcionario-da-radio-nacional-de-angola\/","title":{"rendered":"Apresentados quatro jovens supostamente implicados na morte do funcion\u00e1rio da R\u00e1dio Nacional de Angola"},"content":{"rendered":"<p><img loading=\"lazy\" class=\"alignnone size-medium wp-image-199726\" src=\"https:\/\/rna.ao\/rna.ao\/wp-content\/uploads\/2025\/11\/IMG_2509-747x770.jpeg\" alt=\"\" width=\"747\" height=\"770\" srcset=\"https:\/\/rna.ao\/rna.ao\/wp-content\/uploads\/2025\/11\/IMG_2509-747x770.jpeg 747w, https:\/\/rna.ao\/rna.ao\/wp-content\/uploads\/2025\/11\/IMG_2509-1134x1170.jpeg 1134w, https:\/\/rna.ao\/rna.ao\/wp-content\/uploads\/2025\/11\/IMG_2509-768x792.jpeg 768w, https:\/\/rna.ao\/rna.ao\/wp-content\/uploads\/2025\/11\/IMG_2509.jpeg 1241w\" sizes=\"(max-width: 747px) 100vw, 747px\" \/>Quatro cidad\u00e3os nacionais, com idades entre 23 e 25 anos, supostamente implicados nos crimes de associa\u00e7\u00e3o criminosa, roubo qualificado, ofensas \u00e0 integridade f\u00edsica e homic\u00eddio qualificado, cuja v\u00edtima foi o cidad\u00e3o Jos\u00e9 Marino Gon\u00e7alves, de 59 anos, funcion\u00e1rio da R\u00e1dio Nacional de Angola, foram apresentados esta quarta-feira pelo Servi\u00e7o de Investiga\u00e7\u00e3o Criminal, em Luanda.<\/p>\n<p>O crime ocorreu no dia 14 de Novembro de 2025, por volta das 23h30, no munic\u00edpio do Cazenga, bairro Matop\u00e1, rua Ant\u00f3nio Carneiro, quando a v\u00edtima, ap\u00f3s sair de um ATM onde presumivelmente havia levantado dinheiro, se dirigia \u00e0 sua resid\u00eancia. No percurso, foi surpreendida pelos suspeitos, munidos de objectos cortantes (cacos de vidro), que, sob fortes amea\u00e7as de morte, lhe subtra\u00edram os pertences.<\/p>\n<p>Ao oferecer resist\u00eancia, um dos acusados desferiu um golpe com um objecto perfurocortante, atingindo o pulso do bra\u00e7o direito da v\u00edtima e provocando um ferimento grave. Apesar de ter sido prontamente socorrido e encaminhado para um hospital de refer\u00eancia, n\u00e3o resistiu aos ferimentos.<\/p>\n","protected":false},"excerpt":{"rendered":"<p>Quatro cidad\u00e3os nacionais, com idades entre 23 e 25 anos, supostamente implicados nos crimes de associa\u00e7\u00e3o criminosa, roubo qualificado, ofensas \u00e0 integridade f\u00edsica e homic\u00eddio qualificado, cuja v\u00edtima foi o cidad\u00e3o Jos\u00e9 Marino Gon\u00e7alves, de 59 anos, funcion\u00e1rio da R\u00e1dio Nacional de Angola, foram apresentados esta quarta-feira pelo Servi\u00e7o de ...<\/p>\n","protected":false},"author":16,"featured_media":199726,"comment_status":"closed","ping_status":"closed","sticky":false,"template":"","format":"standard","meta":[],"categories":[142,141,133,164,163],"tags":[],"_links":{"self":[{"href":"https:\/\/rna.ao\/rna.ao\/wp-json\/wp\/v2\/posts\/199725"}],"collection":[{"href":"https:\/\/rna.ao\/rna.ao\/wp-json\/wp\/v2\/posts"}],"about":[{"href":"https:\/\/rna.ao\/rna.ao\/wp-json\/wp\/v2\/types\/post"}],"author":[{"embeddable":true,"href":"https:\/\/rna.ao\/rna.ao\/wp-json\/wp\/v2\/users\/16"}],"replies":[{"embeddable":true,"href":"https:\/\/rna.ao\/rna.ao\/wp-json\/wp\/v2\/comments?post=199725"}],"version-history":[{"count":1,"href":"https:\/\/rna.ao\/rna.ao\/wp-json\/wp\/v2\/posts\/199725\/revisions"}],"predecessor-version":[{"id":199727,"href":"https:\/\/rna.ao\/rna.ao\/wp-json\/wp\/v2\/posts\/199725\/revisions\/199727"}],"wp:featuredmedia":[{"embeddable":true,"href":"https:\/\/rna.ao\/rna.ao\/wp-json\/wp\/v2\/media\/199726"}],"wp:attachment":[{"href":"https:\/\/rna.ao\/rna.ao\/wp-json\/wp\/v2\/media?parent=199725"}],"wp:term":[{"taxonomy":"category","embeddable":true,"href":"https:\/\/rna.ao\/rna.ao\/wp-json\/wp\/v2\/categories?post=199725"},{"taxonomy":"post_tag","embeddable":true,"href":"https:\/\/rna.ao\/rna.ao\/wp-json\/wp\/v2\/tags?post=199725"}],"curies":[{"name":"wp","href":"https:\/\/api.w.org\/{rel}","templated":true}]}}