{"id":199721,"date":"2025-11-26T20:26:15","date_gmt":"2025-11-26T19:26:15","guid":{"rendered":"https:\/\/rna.ao\/rna.ao\/?p=199721"},"modified":"2025-11-26T20:26:15","modified_gmt":"2025-11-26T19:26:15","slug":"presidente-da-assembleia-nacional-acompanha-trabalhos-da-comissao-executiva-do-fp-sadc-em-durban","status":"publish","type":"post","link":"https:\/\/rna.ao\/rna.ao\/2025\/11\/26\/presidente-da-assembleia-nacional-acompanha-trabalhos-da-comissao-executiva-do-fp-sadc-em-durban\/","title":{"rendered":"Presidente da Assembleia Nacional acompanha trabalhos da Comiss\u00e3o Executiva do FP-SADC em Durban"},"content":{"rendered":"<p><img loading=\"lazy\" class=\"alignnone size-medium wp-image-199722\" src=\"https:\/\/rna.ao\/rna.ao\/wp-content\/uploads\/2025\/11\/028e0447-d578-4b95-94bb-aa4a76f3cebc-770x519.jpeg\" alt=\"\" width=\"770\" height=\"519\" srcset=\"https:\/\/rna.ao\/rna.ao\/wp-content\/uploads\/2025\/11\/028e0447-d578-4b95-94bb-aa4a76f3cebc-770x519.jpeg 770w, https:\/\/rna.ao\/rna.ao\/wp-content\/uploads\/2025\/11\/028e0447-d578-4b95-94bb-aa4a76f3cebc-1170x789.jpeg 1170w, https:\/\/rna.ao\/rna.ao\/wp-content\/uploads\/2025\/11\/028e0447-d578-4b95-94bb-aa4a76f3cebc-768x518.jpeg 768w, https:\/\/rna.ao\/rna.ao\/wp-content\/uploads\/2025\/11\/028e0447-d578-4b95-94bb-aa4a76f3cebc-1536x1036.jpeg 1536w, https:\/\/rna.ao\/rna.ao\/wp-content\/uploads\/2025\/11\/028e0447-d578-4b95-94bb-aa4a76f3cebc.jpeg 1600w\" sizes=\"(max-width: 770px) 100vw, 770px\" \/><br \/>\nO presidente da Assembleia Nacional, Ad\u00e3o de Almeida, participou hoje, quarta-feira, 27 de Novembro, no segundo e \u00faltimo dia de trabalhos da Comiss\u00e3o Executiva do F\u00f3rum Parlamentar da SADC (FP-SADC), realizada em Durban, \u00c1frica do Sul. O l\u00edder do Parlamento \u00a0esteve acompanhado pelo deputado Pedro Sebasti\u00e3o, coordenador do Grupo Nacional de Acompanhamento ao FP-SADC.<\/p>\n<p>Ao longo da reuni\u00e3o, a Comiss\u00e3o Executiva aprovou v\u00e1rias resolu\u00e7\u00f5es estrat\u00e9gicas, com destaque para o processo de transforma\u00e7\u00e3o institucional do FP-SADC, a cria\u00e7\u00e3o de uma Comiss\u00e3o Permanente de Paz e Seguran\u00e7a e o refor\u00e7o da ac\u00e7\u00e3o parlamentar na promo\u00e7\u00e3o do desenvolvimento econ\u00f3mico da regi\u00e3o.<\/p>\n<p>Foram igualmente validados tr\u00eas projectos de resolu\u00e7\u00e3o constantes do Relat\u00f3rio do Presidente do FP-SADC, incluindo a acta da reuni\u00e3o anterior, o relat\u00f3rio de contas referente ao semestre Abril\u2013Setembro e a proposta de or\u00e7amento para 2026\u20132027.<\/p>\n<p>Os membros do \u00f3rg\u00e3o manifestaram ainda preocupa\u00e7\u00e3o relativamente \u00e0 crescente depend\u00eancia da regi\u00e3o de financiamentos externos, alertando para os impactos na sustentabilidade financeira dos Estados-membros.<\/p>\n<p>No encerramento dos trabalhos, Ad\u00e3o de Almeida apresentou o relat\u00f3rio sobre o F\u00f3rum dos Parlamentos da CIRGL, seguindo-se a an\u00e1lise do Relat\u00f3rio do Grupo Geopol\u00edtico da SADC na 151.\u00aa Assembleia da Uni\u00e3o Interparlamentar e do relat\u00f3rio do Parlamento de Madag\u00e1scar sobre os mais recentes desenvolvimentos pol\u00edticos no pa\u00eds.<\/p>\n<p>A reuni\u00e3o da Comiss\u00e3o Executiva antecede a 58.\u00aa Assembleia Plen\u00e1ria do FP-SADC, que decorrer\u00e1 de 30 de Novembro a 6 de Dezembro, sob o lema: \u201cO Impacto das Altera\u00e7\u00f5es Clim\u00e1ticas na Regi\u00e3o da SADC e o Papel dos Parlamentos na Atenua\u00e7\u00e3o e Adapta\u00e7\u00e3o\u201d.<\/p>\n","protected":false},"excerpt":{"rendered":"<p>O presidente da Assembleia Nacional, Ad\u00e3o de Almeida, participou hoje, quarta-feira, 27 de Novembro, no segundo e \u00faltimo dia de trabalhos da Comiss\u00e3o Executiva do F\u00f3rum Parlamentar da SADC (FP-SADC), realizada em Durban, \u00c1frica do Sul. O l\u00edder do Parlamento \u00a0esteve acompanhado pelo deputado Pedro Sebasti\u00e3o, coordenador do Grupo Nacional ...<\/p>\n","protected":false},"author":9,"featured_media":199723,"comment_status":"closed","ping_status":"closed","sticky":false,"template":"","format":"standard","meta":[],"categories":[142,121,163],"tags":[],"_links":{"self":[{"href":"https:\/\/rna.ao\/rna.ao\/wp-json\/wp\/v2\/posts\/199721"}],"collection":[{"href":"https:\/\/rna.ao\/rna.ao\/wp-json\/wp\/v2\/posts"}],"about":[{"href":"https:\/\/rna.ao\/rna.ao\/wp-json\/wp\/v2\/types\/post"}],"author":[{"embeddable":true,"href":"https:\/\/rna.ao\/rna.ao\/wp-json\/wp\/v2\/users\/9"}],"replies":[{"embeddable":true,"href":"https:\/\/rna.ao\/rna.ao\/wp-json\/wp\/v2\/comments?post=199721"}],"version-history":[{"count":1,"href":"https:\/\/rna.ao\/rna.ao\/wp-json\/wp\/v2\/posts\/199721\/revisions"}],"predecessor-version":[{"id":199724,"href":"https:\/\/rna.ao\/rna.ao\/wp-json\/wp\/v2\/posts\/199721\/revisions\/199724"}],"wp:featuredmedia":[{"embeddable":true,"href":"https:\/\/rna.ao\/rna.ao\/wp-json\/wp\/v2\/media\/199723"}],"wp:attachment":[{"href":"https:\/\/rna.ao\/rna.ao\/wp-json\/wp\/v2\/media?parent=199721"}],"wp:term":[{"taxonomy":"category","embeddable":true,"href":"https:\/\/rna.ao\/rna.ao\/wp-json\/wp\/v2\/categories?post=199721"},{"taxonomy":"post_tag","embeddable":true,"href":"https:\/\/rna.ao\/rna.ao\/wp-json\/wp\/v2\/tags?post=199721"}],"curies":[{"name":"wp","href":"https:\/\/api.w.org\/{rel}","templated":true}]}}