{"id":199718,"date":"2025-11-26T19:49:58","date_gmt":"2025-11-26T18:49:58","guid":{"rendered":"https:\/\/rna.ao\/rna.ao\/?p=199718"},"modified":"2025-11-26T19:49:58","modified_gmt":"2025-11-26T18:49:58","slug":"guine-bissau-presidente-embalo-preso-militares-dizem-assumir-o-controlo-total-do-pais","status":"publish","type":"post","link":"https:\/\/rna.ao\/rna.ao\/2025\/11\/26\/guine-bissau-presidente-embalo-preso-militares-dizem-assumir-o-controlo-total-do-pais\/","title":{"rendered":"Guin\u00e9-Bissau. Presidente Embal\u00f3 preso, militares dizem \u201cassumir o controlo total do pa\u00eds\u201d"},"content":{"rendered":"<p><img loading=\"lazy\" class=\"alignnone size-medium wp-image-199719\" src=\"https:\/\/rna.ao\/rna.ao\/wp-content\/uploads\/2025\/11\/cbc2a883-9154-4642-aa8f-74d943406db2-770x513.jpeg\" alt=\"\" width=\"770\" height=\"513\" srcset=\"https:\/\/rna.ao\/rna.ao\/wp-content\/uploads\/2025\/11\/cbc2a883-9154-4642-aa8f-74d943406db2-770x513.jpeg 770w, https:\/\/rna.ao\/rna.ao\/wp-content\/uploads\/2025\/11\/cbc2a883-9154-4642-aa8f-74d943406db2-1170x780.jpeg 1170w, https:\/\/rna.ao\/rna.ao\/wp-content\/uploads\/2025\/11\/cbc2a883-9154-4642-aa8f-74d943406db2-768x512.jpeg 768w, https:\/\/rna.ao\/rna.ao\/wp-content\/uploads\/2025\/11\/cbc2a883-9154-4642-aa8f-74d943406db2-1536x1024.jpeg 1536w, https:\/\/rna.ao\/rna.ao\/wp-content\/uploads\/2025\/11\/cbc2a883-9154-4642-aa8f-74d943406db2.jpeg 1600w\" sizes=\"(max-width: 770px) 100vw, 770px\" \/>Um \u201cAlto Comando Militar para a Restaura\u00e7\u00e3o da Seguran\u00e7a Nacional e da Ordem P\u00fablica\u201d anunciou, na tarde desta quarta-feira, 26 de novembro, a destitui\u00e7\u00e3o do Chefe de Estado, Umaro Sissoco Embal\u00f3, afirmando assumir o \u201ccontrolo total\u201d da Guin\u00e9-Bissau, suspender o processo eleitoral e encerrar as fronteiras terrestres e a\u00e9reas. Foi igualmente decretado um toque de recolher.<\/p>\n<p>O an\u00fancio foi feito atrav\u00e9s de um comunicado lido na sede do Estado-Maior do Ex\u00e9rcito, em Bissau, pelo brigadeiro-general Denis N\u2019Canha, chefe do gabinete militar da Presid\u00eancia.<\/p>\n<p>O pr\u00f3prio Presidente Umaro Sissoco Embal\u00f3 afirmou \u00e0 Jeune Afrique que estava a ser detido. Segundo relatou, por volta do meio-dia, homens uniformizados invadiram o pal\u00e1cio presidencial enquanto se encontrava no seu gabinete. O Chefe do Estado-Maior General do Ex\u00e9rcito, general Biague Na Ntan, o Vice-Chefe do Estado-Maior, general Mamadou Tour\u00e9, e o Ministro do Interior, Botch\u00e9 Cand\u00e9, foram igualmente detidos. Todos estariam a ser mantidos nas instala\u00e7\u00f5es do Estado-Maior, segundo o pr\u00f3prio Chefe de Estado.<\/p>\n<p>As elei\u00e7\u00f5es presidenciais realizaram-se no domingo, 23 de novembro, e Embal\u00f3 afirmou ter vencido com 65% dos votos, com base na sua pr\u00f3pria contagem. Os resultados oficiais deveriam ser divulgados nesta quinta-feira. Nas \u00faltimas horas, tanto o campo do Presidente como o do seu principal advers\u00e1rio, o candidato Fernando Dias da Costa, reivindicaram a vit\u00f3ria.<\/p>\n<p>A vota\u00e7\u00e3o de domingo decorreu de forma tranquila, mas na aus\u00eancia do principal opositor, Domingos Sim\u00f5es Pereira, impedido de se candidatar. O seu partido, o influente Partido Africano para a Independ\u00eancia da Guin\u00e9 e Cabo Verde &#8211; PAIGC, declarou apoio a Fernando Dias.<\/p>\n","protected":false},"excerpt":{"rendered":"<p>Um \u201cAlto Comando Militar para a Restaura\u00e7\u00e3o da Seguran\u00e7a Nacional e da Ordem P\u00fablica\u201d anunciou, na tarde desta quarta-feira, 26 de novembro, a destitui\u00e7\u00e3o do Chefe de Estado, Umaro Sissoco Embal\u00f3, afirmando assumir o \u201ccontrolo total\u201d da Guin\u00e9-Bissau, suspender o processo eleitoral e encerrar as fronteiras terrestres e a\u00e9reas. Foi ...<\/p>\n","protected":false},"author":16,"featured_media":199719,"comment_status":"closed","ping_status":"closed","sticky":false,"template":"","format":"standard","meta":[],"categories":[143,137,142,163],"tags":[],"_links":{"self":[{"href":"https:\/\/rna.ao\/rna.ao\/wp-json\/wp\/v2\/posts\/199718"}],"collection":[{"href":"https:\/\/rna.ao\/rna.ao\/wp-json\/wp\/v2\/posts"}],"about":[{"href":"https:\/\/rna.ao\/rna.ao\/wp-json\/wp\/v2\/types\/post"}],"author":[{"embeddable":true,"href":"https:\/\/rna.ao\/rna.ao\/wp-json\/wp\/v2\/users\/16"}],"replies":[{"embeddable":true,"href":"https:\/\/rna.ao\/rna.ao\/wp-json\/wp\/v2\/comments?post=199718"}],"version-history":[{"count":1,"href":"https:\/\/rna.ao\/rna.ao\/wp-json\/wp\/v2\/posts\/199718\/revisions"}],"predecessor-version":[{"id":199720,"href":"https:\/\/rna.ao\/rna.ao\/wp-json\/wp\/v2\/posts\/199718\/revisions\/199720"}],"wp:featuredmedia":[{"embeddable":true,"href":"https:\/\/rna.ao\/rna.ao\/wp-json\/wp\/v2\/media\/199719"}],"wp:attachment":[{"href":"https:\/\/rna.ao\/rna.ao\/wp-json\/wp\/v2\/media?parent=199718"}],"wp:term":[{"taxonomy":"category","embeddable":true,"href":"https:\/\/rna.ao\/rna.ao\/wp-json\/wp\/v2\/categories?post=199718"},{"taxonomy":"post_tag","embeddable":true,"href":"https:\/\/rna.ao\/rna.ao\/wp-json\/wp\/v2\/tags?post=199718"}],"curies":[{"name":"wp","href":"https:\/\/api.w.org\/{rel}","templated":true}]}}